{"id":4351,"date":"2026-03-18T17:31:57","date_gmt":"2026-03-18T16:31:57","guid":{"rendered":"https:\/\/www.chimicimessina.it\/?p=4351"},"modified":"2026-03-30T22:42:44","modified_gmt":"2026-03-30T20:42:44","slug":"obbligo-formativo-ecm-per-il-triennio-2026-2028","status":"publish","type":"post","link":"https:\/\/www.chimicimessina.it\/?p=4351","title":{"rendered":"Obbligo formativo ECM per il triennio 2026-2028"},"content":{"rendered":"\n<p>La Commissione Nazionale per la Formazione Continua, nella riunione del 5 marzo 2026, ha approvato la <strong>Delibera n. 1 del 2026<\/strong>, recante ad oggetto \u201cObbligo formativo per il triennio 2026-2028\u201d, con la quale vengono definiti i criteri generali, le modalit\u00e0 di assolvimento e gli strumenti di verifica dell\u2019obbligo formativo per il nuovo triennio.<\/p>\n\n\n\n<p>Ecco una sintesi dei punti principali:<\/p>\n\n\n\n<p><strong>Obbligo Formativo e Flessibilit\u00e0<\/strong><\/p>\n\n\n\n<ul><li><strong>Target:<\/strong> Il debito formativo standard per il triennio 2026-2028 \u00e8 fissato a <strong>150 crediti ECM<\/strong> (p. 1).<\/li><li><strong>Flessibilit\u00e0:<\/strong> \u00c8 confermata la possibilit\u00e0 di distribuire i crediti in modo flessibile durante i tre anni, sotto la responsabilit\u00e0 individuale del professionista (p. 1).<\/li><\/ul>\n\n\n\n<p><strong>Sistema di Riduzioni<\/strong><\/p>\n\n\n\n<p>Il documento introduce diverse agevolazioni che possono ridurre il numero di crediti totali da acquisire (pp. 1-2):<\/p>\n\n\n\n<figure class=\"wp-block-table\"><table><tbody><tr><td><strong>Riduzione<\/strong><\/td><td><strong>Condizione Necessaria<\/strong><\/td><\/tr><tr><td><strong>30 crediti<\/strong><\/td><td>Aver maturato tra 121 e 150 crediti nel triennio 2023-2025 (p. 1).<\/td><\/tr><tr><td><strong>15 crediti<\/strong><\/td><td>Aver maturato tra 80 e 120 crediti nel triennio 2023-2025 (p. 1).<\/td><\/tr><tr><td><strong>40 crediti<\/strong><\/td><td>Costruzione del <strong>Dossier formativo individuale<\/strong> (p. 1).<\/td><\/tr><tr><td><strong>30 crediti<\/strong><\/td><td>Costruzione del <strong>Dossier formativo di gruppo<\/strong> (p. 1).<\/td><\/tr><tr><td><strong>20 crediti<\/strong><\/td><td>Soddisfacimento del Dossier formativo nel triennio precedente (p. 1).<\/td><\/tr><tr><td><strong>Fino a 10 crediti<\/strong><\/td><td>Pari ai crediti acquisiti su vaccini e strategie vaccinali (2023-2025) (p. 2).<\/td><\/tr><tr><td><strong>15-20 crediti<\/strong><\/td><td>Per professionisti certificabili in trienni specifici (dal 2014 al 2022) alla data del 3 luglio 2025 (p. 2).<\/td><\/tr><\/tbody><\/table><\/figure>\n\n\n\n<p><strong>Recupero Debiti Pregressi<\/strong><\/p>\n\n\n\n<p>\u00c8 stata concessa una proroga per il recupero dei crediti mancanti relativi al <strong>triennio 2023-2025<\/strong>:<\/p>\n\n\n\n<ul><li>Il termine ultimo per l&#8217;assolvimento \u00e8 il <strong>31 dicembre 2028<\/strong> (p. 2).<\/li><li>Lo spostamento effettivo dei crediti pu\u00f2 essere effettuato fino al <strong>30 giugno 2029<\/strong> (p. 2).<\/li><\/ul>\n\n\n\n<p>Per ogni ulteriore approfondimento, si rinvia alla documentazione ufficiale:<\/p>\n\n\n\n<ul><li>\u2022 Delibera n. 1\/2026: <a href=\"https:\/\/ecm.agenas.it\/storage\/uploads\/allegati\/delibera-1-2026.pdf\" target=\"_blank\" rel=\"noreferrer noopener\">https:\/\/ecm.agenas.it\/storage\/uploads\/allegati\/delibera-1-2026.pdf<\/a><\/li><li>\u2022 Materiale informativo \u2013 Obbligo formativo triennio 2026-2028: <a href=\"https:\/\/ecm.agenas.it\/storage\/uploads\/allegati\/obbligo-formativo-triennio-2026-2028.pdf\" target=\"_blank\" rel=\"noreferrer noopener\">https:\/\/ecm.agenas.it\/storage\/uploads\/allegati\/obbligo-formativo-triennio-2026-2028.pdf <\/a><\/li><li>\u2022 Materiale informativo \u2013 Recupero obbligo formativo 2023-2025: <a href=\"https:\/\/ecm.agenas.it\/storage\/uploads\/allegati\/recupero-obbligo-formativo-2023-2025.pdf\" target=\"_blank\" rel=\"noreferrer noopener\">https:\/\/ecm.agenas.it\/storage\/uploads\/allegati\/recupero-obbligo-formativo-2023-2025.pdf<\/a><\/li><\/ul>\n","protected":false},"excerpt":{"rendered":"<p>La Commissione Nazionale per la Formazione Continua, nella riunione del 5 marzo 2026, ha approvato la Delibera n.<\/p>\n","protected":false},"author":2,"featured_media":4254,"comment_status":"closed","ping_status":"open","sticky":false,"template":"","format":"standard","meta":[],"categories":[13],"tags":[144,495,964,963],"yoast_head":"<!-- This site is optimized with the Yoast SEO plugin v16.6 - https:\/\/yoast.com\/wordpress\/plugins\/seo\/ -->\r\n<title>Obbligo formativo ECM per il triennio 2026-2028 - Ordine dei chimici e fisici della Provincia di Messina<\/title>\r\n<meta name=\"robots\" content=\"index, follow, max-snippet:-1, max-image-preview:large, max-video-preview:-1\" \/>\r\n<link rel=\"canonical\" href=\"https:\/\/www.chimicimessina.it\/?p=4351\" \/>\r\n<meta property=\"og:locale\" content=\"it_IT\" \/>\r\n<meta property=\"og:type\" content=\"article\" \/>\r\n<meta property=\"og:title\" content=\"Obbligo formativo ECM per il triennio 2026-2028 - Ordine dei chimici e fisici della Provincia di Messina\" \/>\r\n<meta property=\"og:description\" content=\"La Commissione Nazionale per la Formazione Continua, nella riunione del 5 marzo 2026, ha approvato la Delibera n.\" \/>\r\n<meta property=\"og:url\" content=\"https:\/\/www.chimicimessina.it\/?p=4351\" \/>\r\n<meta property=\"og:site_name\" content=\"Ordine dei chimici e fisici della Provincia di Messina\" \/>\r\n<meta property=\"article:published_time\" content=\"2026-03-18T16:31:57+00:00\" \/>\r\n<meta property=\"article:modified_time\" content=\"2026-03-30T20:42:44+00:00\" \/>\r\n<meta property=\"og:image\" content=\"https:\/\/www.chimicimessina.it\/wp-content\/uploads\/2025\/11\/ordine-chimici-e-fisici_-edited-converted-1.png\" \/>\r\n\t<meta property=\"og:image:width\" content=\"798\" \/>\r\n\t<meta property=\"og:image:height\" content=\"798\" \/>\r\n<meta name=\"twitter:card\" content=\"summary\" \/>\r\n<meta name=\"twitter:label1\" content=\"Tempo di lettura stimato\" \/>\n\t<meta name=\"twitter:data1\" content=\"2 minuti\" \/>\r\n<script type=\"application\/ld+json\" class=\"yoast-schema-graph\">{\"@context\":\"https:\/\/schema.org\",\"@graph\":[{\"@type\":\"WebSite\",\"@id\":\"https:\/\/www.chimicimessina.it\/#website\",\"url\":\"https:\/\/www.chimicimessina.it\/\",\"name\":\"Ordine dei chimici e fisici della Provincia di Messina\",\"description\":\"\",\"potentialAction\":[{\"@type\":\"SearchAction\",\"target\":{\"@type\":\"EntryPoint\",\"urlTemplate\":\"https:\/\/www.chimicimessina.it\/?s={search_term_string}\"},\"query-input\":\"required name=search_term_string\"}],\"inLanguage\":\"it-IT\"},{\"@type\":\"ImageObject\",\"@id\":\"https:\/\/www.chimicimessina.it\/?p=4351#primaryimage\",\"inLanguage\":\"it-IT\",\"url\":\"https:\/\/www.chimicimessina.it\/wp-content\/uploads\/2025\/11\/ordine-chimici-e-fisici_-edited-converted-1.png\",\"contentUrl\":\"https:\/\/www.chimicimessina.it\/wp-content\/uploads\/2025\/11\/ordine-chimici-e-fisici_-edited-converted-1.png\",\"width\":798,\"height\":798},{\"@type\":\"WebPage\",\"@id\":\"https:\/\/www.chimicimessina.it\/?p=4351#webpage\",\"url\":\"https:\/\/www.chimicimessina.it\/?p=4351\",\"name\":\"Obbligo formativo ECM per il triennio 2026-2028 - Ordine dei chimici e fisici della Provincia di Messina\",\"isPartOf\":{\"@id\":\"https:\/\/www.chimicimessina.it\/#website\"},\"primaryImageOfPage\":{\"@id\":\"https:\/\/www.chimicimessina.it\/?p=4351#primaryimage\"},\"datePublished\":\"2026-03-18T16:31:57+00:00\",\"dateModified\":\"2026-03-30T20:42:44+00:00\",\"author\":{\"@id\":\"https:\/\/www.chimicimessina.it\/#\/schema\/person\/2a1a6511b3f4d2d08afbfbe1376162de\"},\"breadcrumb\":{\"@id\":\"https:\/\/www.chimicimessina.it\/?p=4351#breadcrumb\"},\"inLanguage\":\"it-IT\",\"potentialAction\":[{\"@type\":\"ReadAction\",\"target\":[\"https:\/\/www.chimicimessina.it\/?p=4351\"]}]},{\"@type\":\"BreadcrumbList\",\"@id\":\"https:\/\/www.chimicimessina.it\/?p=4351#breadcrumb\",\"itemListElement\":[{\"@type\":\"ListItem\",\"position\":1,\"name\":\"Home\",\"item\":\"https:\/\/www.chimicimessina.it\/\"},{\"@type\":\"ListItem\",\"position\":2,\"name\":\"Obbligo formativo ECM per il triennio 2026-2028\"}]},{\"@type\":\"Person\",\"@id\":\"https:\/\/www.chimicimessina.it\/#\/schema\/person\/2a1a6511b3f4d2d08afbfbe1376162de\",\"name\":\"Rosario Sacc\\u00e0\",\"image\":{\"@type\":\"ImageObject\",\"@id\":\"https:\/\/www.chimicimessina.it\/#personlogo\",\"inLanguage\":\"it-IT\",\"url\":\"https:\/\/secure.gravatar.com\/avatar\/bb470e3a4b2005b5b7099da62bce38a7?s=96&d=mm&r=g\",\"contentUrl\":\"https:\/\/secure.gravatar.com\/avatar\/bb470e3a4b2005b5b7099da62bce38a7?s=96&d=mm&r=g\",\"caption\":\"Rosario Sacc\\u00e0\"},\"url\":\"https:\/\/www.chimicimessina.it\/?author=2\"}]}<\/script>\r\n<!-- \/ Yoast SEO plugin. -->","_links":{"self":[{"href":"https:\/\/www.chimicimessina.it\/index.php?rest_route=\/wp\/v2\/posts\/4351"}],"collection":[{"href":"https:\/\/www.chimicimessina.it\/index.php?rest_route=\/wp\/v2\/posts"}],"about":[{"href":"https:\/\/www.chimicimessina.it\/index.php?rest_route=\/wp\/v2\/types\/post"}],"author":[{"embeddable":true,"href":"https:\/\/www.chimicimessina.it\/index.php?rest_route=\/wp\/v2\/users\/2"}],"replies":[{"embeddable":true,"href":"https:\/\/www.chimicimessina.it\/index.php?rest_route=%2Fwp%2Fv2%2Fcomments&post=4351"}],"version-history":[{"count":2,"href":"https:\/\/www.chimicimessina.it\/index.php?rest_route=\/wp\/v2\/posts\/4351\/revisions"}],"predecessor-version":[{"id":4364,"href":"https:\/\/www.chimicimessina.it\/index.php?rest_route=\/wp\/v2\/posts\/4351\/revisions\/4364"}],"wp:featuredmedia":[{"embeddable":true,"href":"https:\/\/www.chimicimessina.it\/index.php?rest_route=\/wp\/v2\/media\/4254"}],"wp:attachment":[{"href":"https:\/\/www.chimicimessina.it\/index.php?rest_route=%2Fwp%2Fv2%2Fmedia&parent=4351"}],"wp:term":[{"taxonomy":"category","embeddable":true,"href":"https:\/\/www.chimicimessina.it\/index.php?rest_route=%2Fwp%2Fv2%2Fcategories&post=4351"},{"taxonomy":"post_tag","embeddable":true,"href":"https:\/\/www.chimicimessina.it\/index.php?rest_route=%2Fwp%2Fv2%2Ftags&post=4351"}],"curies":[{"name":"wp","href":"https:\/\/api.w.org\/{rel}","templated":true}]}}