{"id":4007,"date":"2025-06-10T02:02:28","date_gmt":"2025-06-10T00:02:28","guid":{"rendered":"https:\/\/www.chimicimessina.it\/?p=4007"},"modified":"2025-06-20T00:01:41","modified_gmt":"2025-06-19T22:01:41","slug":"convegno-scientifico-tecnico-strategie-integrate-per-la-lotta-alla-desertificazione-e-la-gestione-sostenibile-del-territorio-nel-mezzogiorno-ditalia","status":"publish","type":"post","link":"https:\/\/www.chimicimessina.it\/?p=4007","title":{"rendered":"Convegno Scientifico-Tecnico: Strategie integrate per la lotta alla desertificazione e la gestione sostenibile del territorio nel Mezzogiorno d&#8217;Italia."},"content":{"rendered":"\n<p>Si terr\u00e0 marted\u00ec 17 giugno 2025, in occasione della della XXXI Giornata Mondiale per la Lotta alla Desertificazione e alla Siccit\u00e0, il convegno &#8220;Strategie integrate per la lotta alla desertificazione e la gestione sostenibile del territorio nel Mezzogiorno d&#8217;Italia&#8221;. Organizzato dal nostro Ordine, in collaborazione con AssoCEA Messina APS e in partenariato con il Nodo InFEA della Citt\u00e0 Metropolitana di Messina).<\/p>\n\n\n\n<p>L&#8217;evento \u00e8 finalizzato ad affrontare le sfide critiche poste dalla desertificazione e dalla siccit\u00e0, con particolare riferimento alle aree pi\u00f9 vulnerabili del Mezzogiorno d&#8217;Italia, incluse le regioni insulari di Sicilia e Sardegna, e ad identificare strategie efficaci per limitare, fermare e invertire tale processo.<\/p>\n\n\n\n<p>La desertificazione, definita dalla Convenzione delle Nazioni Unite sulla lotta alla desertificazione (UNCCD) come la degradazione del suolo nelle zone aride, semi-aride e sub-umide secche, rappresenta una delle pi\u00f9 pressanti sfide ambientali e socio-economiche a livello globale e, in particolare, per il bacino del Mediterraneo. Questo processo \u00e8 esacerbato dalla complessa interazione tra fattori naturali avversi (variabilit\u00e0 climatica, siccit\u00e0 prolungata, caratteristiche pedologiche e geomorfologiche) e pressioni antropiche insostenibili (uso intensivo e non pianificato del suolo, deforestazione, pratiche agricole e zootecniche non conservative, gestione inefficiente delle risorse idriche).<\/p>\n\n\n\n<p>Nel contesto dei cambiamenti climatici in atto, caratterizzati da aumento delle temperature medie, alterazione dei regimi pluviometrici e incremento degli eventi estremi, la vulnerabilit\u00e0 dei territori del Sud Italia, storicamente esposti a tali dinamiche, risulta ulteriormente accresciuta.<\/p>\n\n\n\n<p>La perdita di fertilit\u00e0 del suolo, la riduzione della capacit\u00e0 agro-silvo-pastorale, la diminuzione della biodiversit\u00e0 e l&#8217;aumento del rischio idrogeologico sono tra le manifestazioni pi\u00f9 evidenti e dannose.<\/p>\n\n\n\n<p>Il Convegno proposto si prefigge di costituire una piattaforma multidisciplinare per la sintesi delle conoscenze scientifiche pi\u00f9 avanzate e delle esperienze operative nella valutazione, nel monitoraggio e nella mitigazione dei processi di desertificazione e siccit\u00e0.<\/p>\n\n\n\n<p>Un&#8217;attenzione particolare sar\u00e0 dedicata alle specificit\u00e0 pedoclimatiche, ecologiche e socio-economiche della Sicilia e della Sardegna, quali aree emblematiche del rischio nel contesto nazionale ed europeo, al fine di identificare le strategie pi\u00f9 appropriate e contestualizzate.<\/p>\n\n\n\n<p>L&#8217;obiettivo primario \u00e8 quello di mettere a sistema le evidenze scientifiche e le migliori pratiche, promuovendo un approccio integrato basato sull&#8217;analisi dei principali driver della degradazione del territorio e sulla conseguente identificazione di misure di pianificazione e gestione sostenibile.<\/p>\n\n\n\n<p>L&#8217;evento \u00e8 presente anche sul sito dedicato agli eventi della XXXI giornata mondiale contro la Desertificazione (UNCCD): <a href=\"https:\/\/www.unccd.int\/events\/desertification-drought-day\/2025\/events-around-world#AnnexIVNorthernMediterranean\" target=\"_blank\" rel=\"noreferrer noopener\">https:\/\/www.unccd.int\/events\/desertification-drought-day\/2025\/events-around-world#AnnexIVNorthernMediterranean<\/a>.<\/p>\n\n\n\n<p>Informazioni logistiche preliminari:<\/p>\n\n\n\n<ul><li>Svolgimento da remoto e visualizzazione, in diretta streaming su: https:\/\/www.youtube.com\/@AssoCEAMessinaAPS2008\/streams (Canale Youtube di AssoCEA Messina APS). <\/li><li>Orari 17 giugno 2025 dalle ore 9:00 alle ore 13:00 e dalle ore 15:00 alle ore 19:00.<\/li><\/ul>\n\n\n\n<figure class=\"wp-block-image size-large\"><a href=\"https:\/\/www.chimicimessina.it\/wp-content\/uploads\/2025\/06\/r9-Manifesto-70x100cm-scaled.jpg\">\n        <section class=\"mt-4 mb-3 image-content italiawp2-img alignnone\">\n            <figure class=\"m-0 p-3 u-background-grey-60\">\n                <img src=\"https:\/\/www.chimicimessina.it\/wp-content\/uploads\/2025\/06\/r9-Manifesto-70x100cm-717x1024.jpg\" class=\"u-sizeFull\" alt=\"\">\n                <figcaption>\n                    <p>r9-Manifesto-70x100cm<\/p>\n                <\/figcaption>\n            <\/figure><\/section><\/a><\/figure>\n\n\n\n<div class=\"wp-block-file\"><a href=\"https:\/\/www.chimicimessina.it\/wp-content\/uploads\/2025\/06\/Programma-Convegno-Desertificazione-2025-rev.-14.pdf\" target=\"_blank\" rel=\"noreferrer noopener\">Scarica il programma dell&#8217;evento:<br>Programma Convegno Desertificazione 2025 rev. 14<\/a><a href=\"https:\/\/www.chimicimessina.it\/wp-content\/uploads\/2025\/06\/Programma-Convegno-Desertificazione-2025-rev.-14.pdf\" class=\"wp-block-file__button\" download>Download<\/a><\/div>\n\n\n\n<figure class=\"wp-block-pullquote alignfull\"><blockquote><p>Link alla diretta, attivo il 17 giugno 2025 dalle ore 8:45 <\/p><p>                         <a href=\"https:\/\/www.youtube.com\/@AssoCEAMessinaAPS2008\/streams\" target=\"_blank\" rel=\"noreferrer noopener\">https:\/\/www.youtube.com\/@AssoCEAMessinaAPS2008\/streams<\/a> <\/p><p>                  Link alla registrazione della prima e seconda parte del Convegno<\/p><p><a href=\"https:\/\/youtu.be\/fd45cPJjQj0\" target=\"_blank\" rel=\"noreferrer noopener\">https:\/\/youtu.be\/fd45cPJjQj0<\/a> Strategie integrate per la lotta alla desertificazione e la gestione sostenibile del territorio nel Mezzogiorno d&#8217;Italia &#8211; Parte 1<\/p><p><a href=\"https:\/\/youtube.com\/live\/P74m3Mqfl4A\" target=\"_blank\" rel=\"noreferrer noopener\">https:\/\/youtube.com\/live\/P74m3Mqfl4A<\/a> Strategie integrate per la lotta alla desertificazione e la gestione sostenibile del territorio nel Mezzogiorno d&#8217;Italia &#8211; Parte 2                        <\/p><\/blockquote><\/figure>\n\n\n\n<figure class=\"wp-block-image size-large\"><a href=\"https:\/\/www.chimicimessina.it\/wp-content\/uploads\/2025\/06\/Cartolina-Giornata-Mondiale-sulla-desertificazione-e-siccita2.jpg\">\n        <section class=\"mt-4 mb-3 image-content italiawp2-img alignnone\">\n            <figure class=\"m-0 p-3 u-background-grey-60\">\n                <img src=\"https:\/\/www.chimicimessina.it\/wp-content\/uploads\/2025\/06\/Cartolina-Giornata-Mondiale-sulla-desertificazione-e-siccita2-1024x682.jpg\" class=\"u-sizeFull\" alt=\"\">\n                <figcaption>\n                    <p>Cartolina Giornata Mondiale sulla desertificazione e siccit\u00e02<\/p>\n                <\/figcaption>\n            <\/figure><\/section><\/a><\/figure>\n\n\n\n<figure class=\"wp-block-image size-large\"><a href=\"https:\/\/www.chimicimessina.it\/wp-content\/uploads\/2025\/06\/Cartolina-Giornata-Mondiale-sulla-desertificazione-e-siccita-Conflitto-per-codifica-unicode.jpg\">\n        <section class=\"mt-4 mb-3 image-content italiawp2-img alignnone\">\n            <figure class=\"m-0 p-3 u-background-grey-60\">\n                <img src=\"https:\/\/www.chimicimessina.it\/wp-content\/uploads\/2025\/06\/Cartolina-Giornata-Mondiale-sulla-desertificazione-e-siccita-Conflitto-per-codifica-unicode-1024x682.jpg\" class=\"u-sizeFull\" alt=\"\">\n                <figcaption>\n                    <p>Cartolina Giornata Mondiale sulla desertificazione e siccit\u00e0 (Conflitto per codifica unicode)<\/p>\n                <\/figcaption>\n            <\/figure><\/section><\/a><\/figure>\n","protected":false},"excerpt":{"rendered":"<p>Si terr\u00e0 marted\u00ec 17 giugno 2025, in occasione della della XXXI Giornata Mondiale per la Lotta alla Desertificazione e alla Siccit\u00e0, il convegno &#8220;Strategie integrate per la lotta alla desertificazione e la gestione sostenibile del territorio nel Mezzogiorno d&#8217;Italia&#8221;.<\/p>\n","protected":false},"author":2,"featured_media":3577,"comment_status":"closed","ping_status":"open","sticky":true,"template":"","format":"standard","meta":[],"categories":[13,4],"tags":[],"yoast_head":"<!-- This site is optimized with the Yoast SEO plugin v16.6 - https:\/\/yoast.com\/wordpress\/plugins\/seo\/ -->\r\n<title>Convegno Scientifico-Tecnico: Strategie integrate per la lotta alla desertificazione e la gestione sostenibile del territorio nel Mezzogiorno d&#039;Italia. - Ordine dei chimici e fisici della Provincia di Messina<\/title>\r\n<meta name=\"robots\" content=\"index, follow, max-snippet:-1, max-image-preview:large, max-video-preview:-1\" \/>\r\n<link rel=\"canonical\" href=\"https:\/\/www.chimicimessina.it\/?p=4007\" \/>\r\n<meta property=\"og:locale\" content=\"it_IT\" \/>\r\n<meta property=\"og:type\" content=\"article\" \/>\r\n<meta property=\"og:title\" content=\"Convegno Scientifico-Tecnico: Strategie integrate per la lotta alla desertificazione e la gestione sostenibile del territorio nel Mezzogiorno d&#039;Italia. - Ordine dei chimici e fisici della Provincia di Messina\" \/>\r\n<meta property=\"og:description\" content=\"Si terr\u00e0 marted\u00ec 17 giugno 2025, in occasione della della XXXI Giornata Mondiale per la Lotta alla Desertificazione e alla Siccit\u00e0, il convegno &#8220;Strategie integrate per la lotta alla desertificazione e la gestione sostenibile del territorio nel Mezzogiorno d&#8217;Italia&#8221;.\" \/>\r\n<meta property=\"og:url\" content=\"https:\/\/www.chimicimessina.it\/?p=4007\" \/>\r\n<meta property=\"og:site_name\" content=\"Ordine dei chimici e fisici della Provincia di Messina\" \/>\r\n<meta property=\"article:published_time\" content=\"2025-06-10T00:02:28+00:00\" \/>\r\n<meta property=\"article:modified_time\" content=\"2025-06-19T22:01:41+00:00\" \/>\r\n<meta property=\"og:image\" content=\"https:\/\/www.chimicimessina.it\/wp-content\/uploads\/2022\/09\/ordine-chimici-e-fisici_-edited-converted.png\" \/>\r\n\t<meta property=\"og:image:width\" content=\"798\" \/>\r\n\t<meta property=\"og:image:height\" content=\"798\" \/>\r\n<meta name=\"twitter:card\" content=\"summary\" \/>\r\n<meta name=\"twitter:label1\" content=\"Tempo di lettura stimato\" \/>\n\t<meta name=\"twitter:data1\" content=\"3 minuti\" \/>\r\n<script type=\"application\/ld+json\" class=\"yoast-schema-graph\">{\"@context\":\"https:\/\/schema.org\",\"@graph\":[{\"@type\":\"WebSite\",\"@id\":\"https:\/\/www.chimicimessina.it\/#website\",\"url\":\"https:\/\/www.chimicimessina.it\/\",\"name\":\"Ordine dei chimici e fisici della Provincia di Messina\",\"description\":\"\",\"potentialAction\":[{\"@type\":\"SearchAction\",\"target\":{\"@type\":\"EntryPoint\",\"urlTemplate\":\"https:\/\/www.chimicimessina.it\/?s={search_term_string}\"},\"query-input\":\"required name=search_term_string\"}],\"inLanguage\":\"it-IT\"},{\"@type\":\"ImageObject\",\"@id\":\"https:\/\/www.chimicimessina.it\/?p=4007#primaryimage\",\"inLanguage\":\"it-IT\",\"url\":\"https:\/\/www.chimicimessina.it\/wp-content\/uploads\/2022\/09\/ordine-chimici-e-fisici_-edited-converted.png\",\"contentUrl\":\"https:\/\/www.chimicimessina.it\/wp-content\/uploads\/2022\/09\/ordine-chimici-e-fisici_-edited-converted.png\",\"width\":798,\"height\":798},{\"@type\":\"WebPage\",\"@id\":\"https:\/\/www.chimicimessina.it\/?p=4007#webpage\",\"url\":\"https:\/\/www.chimicimessina.it\/?p=4007\",\"name\":\"Convegno Scientifico-Tecnico: Strategie integrate per la lotta alla desertificazione e la gestione sostenibile del territorio nel Mezzogiorno d'Italia. - Ordine dei chimici e fisici della Provincia di Messina\",\"isPartOf\":{\"@id\":\"https:\/\/www.chimicimessina.it\/#website\"},\"primaryImageOfPage\":{\"@id\":\"https:\/\/www.chimicimessina.it\/?p=4007#primaryimage\"},\"datePublished\":\"2025-06-10T00:02:28+00:00\",\"dateModified\":\"2025-06-19T22:01:41+00:00\",\"author\":{\"@id\":\"https:\/\/www.chimicimessina.it\/#\/schema\/person\/2a1a6511b3f4d2d08afbfbe1376162de\"},\"breadcrumb\":{\"@id\":\"https:\/\/www.chimicimessina.it\/?p=4007#breadcrumb\"},\"inLanguage\":\"it-IT\",\"potentialAction\":[{\"@type\":\"ReadAction\",\"target\":[\"https:\/\/www.chimicimessina.it\/?p=4007\"]}]},{\"@type\":\"BreadcrumbList\",\"@id\":\"https:\/\/www.chimicimessina.it\/?p=4007#breadcrumb\",\"itemListElement\":[{\"@type\":\"ListItem\",\"position\":1,\"name\":\"Home\",\"item\":\"https:\/\/www.chimicimessina.it\/\"},{\"@type\":\"ListItem\",\"position\":2,\"name\":\"Convegno Scientifico-Tecnico: Strategie integrate per la lotta alla desertificazione e la gestione sostenibile del territorio nel Mezzogiorno d&#8217;Italia.\"}]},{\"@type\":\"Person\",\"@id\":\"https:\/\/www.chimicimessina.it\/#\/schema\/person\/2a1a6511b3f4d2d08afbfbe1376162de\",\"name\":\"Rosario Sacc\\u00e0\",\"image\":{\"@type\":\"ImageObject\",\"@id\":\"https:\/\/www.chimicimessina.it\/#personlogo\",\"inLanguage\":\"it-IT\",\"url\":\"https:\/\/secure.gravatar.com\/avatar\/bb470e3a4b2005b5b7099da62bce38a7?s=96&d=mm&r=g\",\"contentUrl\":\"https:\/\/secure.gravatar.com\/avatar\/bb470e3a4b2005b5b7099da62bce38a7?s=96&d=mm&r=g\",\"caption\":\"Rosario Sacc\\u00e0\"},\"url\":\"https:\/\/www.chimicimessina.it\/?author=2\"}]}<\/script>\r\n<!-- \/ Yoast SEO plugin. -->","_links":{"self":[{"href":"https:\/\/www.chimicimessina.it\/index.php?rest_route=\/wp\/v2\/posts\/4007"}],"collection":[{"href":"https:\/\/www.chimicimessina.it\/index.php?rest_route=\/wp\/v2\/posts"}],"about":[{"href":"https:\/\/www.chimicimessina.it\/index.php?rest_route=\/wp\/v2\/types\/post"}],"author":[{"embeddable":true,"href":"https:\/\/www.chimicimessina.it\/index.php?rest_route=\/wp\/v2\/users\/2"}],"replies":[{"embeddable":true,"href":"https:\/\/www.chimicimessina.it\/index.php?rest_route=%2Fwp%2Fv2%2Fcomments&post=4007"}],"version-history":[{"count":11,"href":"https:\/\/www.chimicimessina.it\/index.php?rest_route=\/wp\/v2\/posts\/4007\/revisions"}],"predecessor-version":[{"id":4033,"href":"https:\/\/www.chimicimessina.it\/index.php?rest_route=\/wp\/v2\/posts\/4007\/revisions\/4033"}],"wp:featuredmedia":[{"embeddable":true,"href":"https:\/\/www.chimicimessina.it\/index.php?rest_route=\/wp\/v2\/media\/3577"}],"wp:attachment":[{"href":"https:\/\/www.chimicimessina.it\/index.php?rest_route=%2Fwp%2Fv2%2Fmedia&parent=4007"}],"wp:term":[{"taxonomy":"category","embeddable":true,"href":"https:\/\/www.chimicimessina.it\/index.php?rest_route=%2Fwp%2Fv2%2Fcategories&post=4007"},{"taxonomy":"post_tag","embeddable":true,"href":"https:\/\/www.chimicimessina.it\/index.php?rest_route=%2Fwp%2Fv2%2Ftags&post=4007"}],"curies":[{"name":"wp","href":"https:\/\/api.w.org\/{rel}","templated":true}]}}