{"id":3719,"date":"2023-07-22T16:52:40","date_gmt":"2023-07-22T14:52:40","guid":{"rendered":"https:\/\/www.chimicimessina.it\/?p=3719"},"modified":"2023-07-22T17:15:44","modified_gmt":"2023-07-22T15:15:44","slug":"a-casa-nostra","status":"publish","type":"post","link":"https:\/\/www.chimicimessina.it\/?p=3719","title":{"rendered":"a casa nostra"},"content":{"rendered":"\n<p>Seminari per il benessere abitativo.                                                                                                                                    dal 29 agosto\/17 ottobre 2023 | orario 14\/17:00<\/p>\n\n\n\n<p>Da alcuni anni i membri del Protocollo di Intesa Comfort, Salute e Sicurezza di Ferrara (INAIL, INPS, ITL, AUSL, Universit\u00e0, Provincia e Comune di Ferrara), insieme agli Ordini e Collegi professionali e a partner tecnici di eccellenza, dedicano un&nbsp;<strong>ciclo di seminari gratuiti di approfondimento<\/strong>&nbsp;al tema dell\u2019abitare, con particolare attenzione al benessere e alla sicurezza delle persone.<\/p>\n\n\n\n<p>Nel 2023 il focus sar\u00e0 quello della&nbsp;<strong>sostenibilit\u00e0 sociale<\/strong>, perch\u00e9 progettisti, funzionari, amministratori condominiali ed operatori sociali possono diventare un tramite fondamentale fra la domanda di soluzioni nuove, in grado di accogliere i&nbsp;<strong>bisogni delle<\/strong>&nbsp;<strong>persone reali<\/strong>, soprattutto le pi\u00f9 fragili, portando nella propria professione conoscenze e competenze trasversali.<\/p>\n\n\n\n<p>Gli&nbsp;<strong>abitanti<\/strong>&nbsp;cercano case adatte a loro e chiedono come recuperare gli edifici in sicurezza, come gestirli in armonia con le esigenze anche collettive, come dare soluzione alla necessit\u00e0 di&nbsp;<strong>nuovi spazi e servizi<\/strong>&nbsp;al mutare delle proprie condizioni di salute o familiari, come valorizzare le propriet\u00e0 immobiliari, condividerle o metterle a disposizione, con utilit\u00e0 non solo economiche ma anche sociali.<\/p>\n\n\n\n<p>Esistono leggi ed incentivi a regolazione e supporto dei&nbsp;<strong>nuovi scenari abitativi<\/strong>, cos\u00ec come sono tante le Associazioni, i professionisti e le imprese che lavorano ogni giorno per rispondere ai nuovi bisogni, con&nbsp;<strong>progetti<\/strong>&nbsp;che potrebbero essere utile riferimento per altri.<\/p>\n\n\n\n<p>Attraverso questo programma multidisciplinare vogliamo fare luce su alcuni temi che riteniamo nodali, sottolineando come si possa e si debba essere realmente&nbsp;<strong>comunit\u00e0 al lavoro<\/strong>, anche e soprattutto grazie alla reciproca conoscenza e alle sinergie fra operatori con competenze diverse.<\/p>\n\n\n\n<p>Il piano formativo si sviluppa attraverso&nbsp;<strong>otto&nbsp;seminari distinti<\/strong>, cui \u00e8 possibile partecipare anche singolarmente, ogni professionista secondo le proprie necessit\u00e0 e competenze specifiche.&nbsp;La durata di ogni evento (in streaming sincrono) \u00e8 3 ore, compresi 20\u2019 dedicati alle domande. Per assicurare la reale partecipazione, oltre alla frequenza minima, ogni seminario prevede l\u2019obbligo di superamento di un breve test finale, da completare al termine di ogni evento.<\/p>\n\n\n\n<p>Seminari svolti con il patrocinio della Regione Emilia-Romagna.<\/p>\n\n\n\n<figure class=\"wp-block-table\"><table><tbody><tr><td><strong>1.&nbsp;&nbsp;&nbsp;&nbsp;&nbsp;&nbsp;&nbsp;<\/strong><strong>Facciate, edifici di grande altezza e obblighi di gestione antincendio<\/strong><\/td><td>3 ore<\/td><td><em>CFP, crediti amministratore, ECM, crediti seminario antincendio o crediti sicurezza,<\/em><\/td><td><strong>29 agosto<\/strong><\/td><\/tr><tr><td><strong>2.&nbsp;&nbsp;&nbsp;&nbsp;&nbsp;&nbsp;&nbsp;<\/strong><strong>Cautele antincendio per parcheggi, colonnine di ricarica e dispositivi di accumulo elettrico<\/strong><\/td><td>3 ore<\/td><td><em>CFP, crediti amministratore, ECM, crediti seminario antincendio o crediti sicurezza,<\/em><\/td><td><strong>5 settembre<\/strong><\/td><\/tr><tr><td><strong>3.&nbsp;&nbsp;&nbsp;&nbsp;&nbsp;&nbsp;&nbsp;<\/strong><strong>Uso, abuso e illegittimo utilizzo negli edifici condominiali<\/strong><\/td><td>3 ore<\/td><td><em>CFP, crediti amministratore<\/em><\/td><td><strong>12 settembre<\/strong><\/td><\/tr><tr><td><strong>4.&nbsp;&nbsp;&nbsp;&nbsp;&nbsp;&nbsp;&nbsp;<\/strong><strong>Responsabilit\u00e0 da custodia e gestione dei conflitti nel condominio<\/strong><\/td><td>3 ore<\/td><td><em>CFP, crediti amministratore<\/em><\/td><td><strong>19 settembre<\/strong><\/td><\/tr><tr><td><strong>5.&nbsp;&nbsp;&nbsp;&nbsp;&nbsp;&nbsp;&nbsp;<\/strong><strong>Energia comune e solidale<\/strong><\/td><td>3 ore<\/td><td><em>CFP, crediti amministratore<\/em><\/td><td><strong>26 settembre<\/strong><\/td><\/tr><tr><td><strong>6.&nbsp;&nbsp;&nbsp;&nbsp;&nbsp;&nbsp;&nbsp;<\/strong><strong>Nuovi modelli abitativi di supporto<\/strong><\/td><td>3 ore<\/td><td><em>CFP, crediti amministratore, ECM<\/em><\/td><td><strong>03 ottobre<\/strong><\/td><\/tr><tr><td><strong>7.&nbsp;&nbsp;&nbsp;&nbsp;&nbsp;&nbsp;&nbsp;<\/strong><strong>Welfare communities<\/strong><\/td><td>3 ore<\/td><td><em>CFP, crediti amministratore, ECM<\/em><\/td><td><strong>10 ottobre<\/strong><\/td><\/tr><tr><td><strong>8.&nbsp;&nbsp;&nbsp;&nbsp;&nbsp;&nbsp;&nbsp;<\/strong><strong>Sostegno all\u2019abitare<\/strong><\/td><td>3 ore<\/td><td><em>CFP, crediti amministratore, ECM<\/em><\/td><td><strong>17 ottobre<\/strong><\/td><\/tr><\/tbody><\/table><\/figure>\n\n\n\n<p><strong>In allegato il programma dettagliato della Prima Parte (agosto\/settembre 2023). Seguir\u00e0 programma completo.<\/strong><\/p>\n\n\n\n<p><strong>ISCRIZIONI<\/strong><\/p>\n\n\n\n<p>L\u2019accesso a ciascun evento \u00e8&nbsp;<strong>gratuito<\/strong>; per ricevere via e-mail i codici di accesso all\u2019aula virtuale di ogni seminario,<\/p>\n\n\n\n<p>occorre iscriversi alla pagina web:&nbsp;<strong><a target=\"_blank\" href=\"http:\/\/www.cias-ferrara.it\/meetings\" rel=\"noreferrer noopener\">www.cias-ferrara.it\/meetings<\/a><\/strong><\/p>\n\n\n\n<p>Si precisa che il codice d\u2019aula verr\u00e0 inviato, via e-mail, 24\/48 ore prima di ciascun evento cui si \u00e8 iscritti. Tutti i partecipanti potranno porre&nbsp;<strong>domande ai relatori<\/strong>, sia indicandole gi\u00e0 all\u2019atto dell\u2019iscrizione, sia proponendole in chat durante il seminario.<\/p>\n\n\n\n<p>Ai partecipanti che assistono al seminario con una&nbsp;<strong>frequenza<\/strong>&nbsp;di almeno il 90% e rispondono al&nbsp;<strong>test finale di verifica della presenza<\/strong>, verr\u00e0 inviato un attestato di partecipazione nominale, via e-mail, a qualche settimana dall\u2019evento. Attenzione: alcuni accreditamenti prevedono percentuali di frequenza pi\u00f9 alte, come precisato di seguito. Al termine di ogni evento, le dispense saranno rese disponibili attraverso la stessa pagina web di iscrizione, che fa capo al Centro di Ricerca Interdipartimentale CIAS.<\/p>\n\n\n\n<p><strong>CREDITI FORMATIVI&nbsp;<\/strong><\/p>\n\n\n\n<p><strong>CREDITI FORMATIVI&nbsp;PROFESSIONALI<\/strong><\/p>\n\n\n\n<p>In virt\u00f9 della collaborazione alla progettazione di questi eventi, per ogni seminario \u00e8 prevista l\u2019attribuzione di&nbsp;<strong>3 Crediti Formativi Professionali<\/strong>&nbsp;per gli iscritti ai seguenti Ordini e Collegi:<\/p>\n\n\n\n<p>\u00b7&nbsp;&nbsp;&nbsp;&nbsp;&nbsp;&nbsp;&nbsp;&nbsp;&nbsp;<strong>Architetti<\/strong>&nbsp;[autocertificabile dall\u2019iscritto sulla Piattaforma CNAPPC<a target=\"_blank\" href=\"https:\/\/portaleservizi.cnappc.it\/\" rel=\"noreferrer noopener\">&nbsp;https:\/\/portaleservizi.cnappc.it\/<\/a>&nbsp;con tipologia: \u201cEnti pubblici di chiara valenza formativa\u201d; frequenza minima 100%]<\/p>\n\n\n\n<p>\u00b7&nbsp;&nbsp;&nbsp;&nbsp;&nbsp;&nbsp;&nbsp;&nbsp;&nbsp;<strong>Assistenti Sociali<\/strong>&nbsp;[seminari 6, 7 e 8 in fase di Accreditamento al CNOAS; frequenza minima 80%]<\/p>\n\n\n\n<p>\u00b7&nbsp;&nbsp;&nbsp;&nbsp;&nbsp;&nbsp;&nbsp;&nbsp;&nbsp;<strong>Geometri<\/strong>&nbsp;[seminari 1 e 2 in autocertificazione su Piattaforma SINF; gli altri seminari accreditati attraverso il Collegio di Ferrara; frequenza minima 100%]<\/p>\n\n\n\n<p>\u00b7&nbsp;&nbsp;&nbsp;&nbsp;&nbsp;&nbsp;&nbsp;&nbsp;&nbsp;<strong>Periti Industriali<\/strong>&nbsp;[accreditati su Piattaforma AlboUnico attraverso l\u2019Ordine di Bologna e Ferrara; frequenza minima 100%].<\/p>\n\n\n\n<p>Gli altri Ordini e Collegi solo se previsto dal proprio Ordine o regolamento e previa verifica da parte del partecipante.<\/p>\n\n\n\n<p><strong>CREDITI SICUREZZA E ANTINCENDIO<\/strong><\/p>\n\n\n\n<p>I&nbsp;<strong>seminari n. 1 e 2<\/strong>&nbsp;sono validi al fine della&nbsp;<strong>formazione in materia di salute e sicurezza sul lavoro<\/strong>, come da Accordo Stato Regioni 07.07.2016 (CSP\/CSE, ASPP\/RSPP, RLS\/RLST, dirigente\/datore di lavoro, lavoratori) oppure (in alternativa) al fine della&nbsp;<strong>formazione dei professionisti antincendio<\/strong>&nbsp;di qualsiasi Ordine e Collegio, come da DM 05 agosto 2011 (aut. Min. Dir. E.R. 21972 del 12.07.2023), per il mantenimento dell\u2019iscrizione alle Liste Ministeriali.<\/p>\n\n\n\n<p><strong>CREDITI AMMINISTRATORI CONDOMINIALI<\/strong><\/p>\n\n\n\n<p>Ogni evento formativo \u00e8 prenotabile separatamente (cos\u00ec che ciascuno possa scegliere di partecipare a quelli di interesse) ma insieme verranno computati quale corso unitario, al fine dell\u2019aggiornamento obbligatorio degli Amministratori Condominiali, che si ricorda essere di almeno 15 ore (cio\u00e8 5 eventi completi degli 8 disponibili) cos\u00ec da ricevere l\u2019attestazione unica del corso di&nbsp;<strong>formazione periodica ai sensi del DM 140 del 13.08.2014<\/strong>&nbsp;(aut. Min. 20.07.2023).<\/p>\n\n\n\n<p>Attenzione: al termine di ogni evento verr\u00e0 inviato a ogni partecipante (online e via email) un test di apprendimento digitale, da completare nella giornata, il cui superamento \u00e8 obbligatorio.<\/p>\n\n\n\n<p><strong>CREDITI ECM<\/strong><\/p>\n\n\n\n<p>Ai&nbsp;<strong>seminari 1, 2, 6, 7 e 8<\/strong>&nbsp;sono stati attribuiti anche&nbsp;<strong>2,1 crediti ECM<\/strong>&nbsp;ai fini della formazione continua dei chimici, fisici e di tutte le professioni sanitarie e dei professionisti e dirigenti, attraverso la collaborazione con l\u2019Azienda USL e l\u2019Azienda Ospedaliero Universitaria di Ferrara (Codici degli eventi: N.1 ID 6545, N.2 ID 6546, N.6 ID 6547, N.7 ID 6548, N.8 ID 6549). Frequenza minima prevista: 100%.<\/p>\n\n\n\n<p><strong><u>Attenzione<\/u><\/strong>: coloro che intendono richiedere i crediti ECM devono per\u00f2 iscriversi ANCHE attraverso la piattaforma GRU (browser consigliato Mozilla-firefox o Chrome). Di seguito le istruzioni per l\u2019uso del sistema di accreditamento degli ECM (si sottolinea che occorre sempre e comunque prenotare la partecipazione ai seminari attraverso la pagina web degli eventi:&nbsp;<a target=\"_blank\" href=\"http:\/\/www.cias-ferrara.it\/meetings\/\" rel=\"noreferrer noopener\">www.cias-ferrara.it\/meetings\/<\/a>):<\/p>\n\n\n\n<p><strong>modalit\u00e0 A<\/strong>: i dipendenti delle aziende sanitarie della regione Emilia-Romagna devono accedere dal portale del dipendente WHR-GRU:&nbsp;<a target=\"_blank\" href=\"https:\/\/portale-gru.progetto-sole.it\/exec\" rel=\"noreferrer noopener\">https:\/\/portale-gru.progetto-sole.it\/exec<\/a><\/p>\n\n\n\n<p><strong>modalit\u00e0 B<\/strong>: i partecipanti sanitari esterni (cio\u00e8 non dipendenti delle aziende sanitarie della RER) devono accedere da:&nbsp;<a target=\"_blank\" href=\"https:\/\/portale-ext-gru.progetto-sole.it\/\" rel=\"noreferrer noopener\">https:\/\/portale-ext-gru.progetto-sole.it\/<\/a>&nbsp; Poi devono: a) selezionare la sezione REGISTRAZIONE b) inserire i dati richiesti e, una volta salvato, il sistema invier\u00e0 all&#8217;indirizzo e-mail indicato la conferma di registrazione e le credenziali d&#8217;accesso. c) selezionando la finestra LOGIN (in alto a destra a forma di lucchetto) e inserendo le credenziali ricevute via e-mail, sar\u00e0 possibile accedere al sistema di prenotazione degli eventi formativi, al download degli attestati e alla compilazione del questionario di gradimento.<\/p>\n\n\n\n<p>L\u2019iscrizione effettuata in modalit\u00e0 diversa da quella telematica GRU non d\u00e0 diritto al riconoscimento dei crediti ECM; si ricorda che l\u2019attribuzione dei crediti ECM \u00e8 subordinata al completamento del questionario di gradimento proposto al termine dal portale GRU.<\/p>\n\n\n\n<p>Sei gi\u00e0 registrato su GRU ma hai dimenticato la password? Collegati a:&nbsp;<a target=\"_blank\" href=\"https:\/\/portale-ext-gru.progetto-sole.it\/\" rel=\"noreferrer noopener\">https:\/\/portale-ext-gru.progetto-sole.it\/<\/a>&nbsp;&nbsp; poi in alto a destra LOGIN e scegli RESET PASSWORD.<\/p>\n","protected":false},"excerpt":{"rendered":"<p>Seminari gratuiti rivolti agli iscritti di Ordini e Collegi. Cinque di questi seminari, precisamente i numeri 1, 2, 6, 7 e 8, sono rivolti alle professioni sanitarie, tra le quali quelle di Chimico e di Fisico. Ognuno di questi cinque rilascia 2,1 ECM.<\/p>\n","protected":false},"author":2,"featured_media":3577,"comment_status":"closed","ping_status":"open","sticky":false,"template":"","format":"standard","meta":[],"categories":[13,4],"tags":[144,111],"yoast_head":"<!-- This site is optimized with the Yoast SEO plugin v16.6 - https:\/\/yoast.com\/wordpress\/plugins\/seo\/ -->\r\n<title>a casa nostra - Ordine dei chimici e fisici della Provincia di Messina<\/title>\r\n<meta name=\"robots\" content=\"index, follow, max-snippet:-1, max-image-preview:large, max-video-preview:-1\" \/>\r\n<link rel=\"canonical\" href=\"https:\/\/www.chimicimessina.it\/?p=3719\" \/>\r\n<meta property=\"og:locale\" content=\"it_IT\" \/>\r\n<meta property=\"og:type\" content=\"article\" \/>\r\n<meta property=\"og:title\" content=\"a casa nostra - Ordine dei chimici e fisici della Provincia di Messina\" \/>\r\n<meta property=\"og:description\" content=\"Seminari gratuiti rivolti agli iscritti di Ordini e Collegi. Cinque di questi seminari, precisamente i numeri 1, 2, 6, 7 e 8, sono rivolti alle professioni sanitarie, tra le quali quelle di Chimico e di Fisico. Ognuno di questi cinque rilascia 2,1 ECM.\" \/>\r\n<meta property=\"og:url\" content=\"https:\/\/www.chimicimessina.it\/?p=3719\" \/>\r\n<meta property=\"og:site_name\" content=\"Ordine dei chimici e fisici della Provincia di Messina\" \/>\r\n<meta property=\"article:published_time\" content=\"2023-07-22T14:52:40+00:00\" \/>\r\n<meta property=\"article:modified_time\" content=\"2023-07-22T15:15:44+00:00\" \/>\r\n<meta property=\"og:image\" content=\"https:\/\/www.chimicimessina.it\/wp-content\/uploads\/2022\/09\/ordine-chimici-e-fisici_-edited-converted.png\" \/>\r\n\t<meta property=\"og:image:width\" content=\"798\" \/>\r\n\t<meta property=\"og:image:height\" content=\"798\" \/>\r\n<meta name=\"twitter:card\" content=\"summary\" \/>\r\n<meta name=\"twitter:label1\" content=\"Tempo di lettura stimato\" \/>\n\t<meta name=\"twitter:data1\" content=\"6 minuti\" \/>\r\n<script type=\"application\/ld+json\" class=\"yoast-schema-graph\">{\"@context\":\"https:\/\/schema.org\",\"@graph\":[{\"@type\":\"WebSite\",\"@id\":\"https:\/\/www.chimicimessina.it\/#website\",\"url\":\"https:\/\/www.chimicimessina.it\/\",\"name\":\"Ordine dei chimici e fisici della Provincia di Messina\",\"description\":\"\",\"potentialAction\":[{\"@type\":\"SearchAction\",\"target\":{\"@type\":\"EntryPoint\",\"urlTemplate\":\"https:\/\/www.chimicimessina.it\/?s={search_term_string}\"},\"query-input\":\"required name=search_term_string\"}],\"inLanguage\":\"it-IT\"},{\"@type\":\"ImageObject\",\"@id\":\"https:\/\/www.chimicimessina.it\/?p=3719#primaryimage\",\"inLanguage\":\"it-IT\",\"url\":\"https:\/\/www.chimicimessina.it\/wp-content\/uploads\/2022\/09\/ordine-chimici-e-fisici_-edited-converted.png\",\"contentUrl\":\"https:\/\/www.chimicimessina.it\/wp-content\/uploads\/2022\/09\/ordine-chimici-e-fisici_-edited-converted.png\",\"width\":798,\"height\":798},{\"@type\":\"WebPage\",\"@id\":\"https:\/\/www.chimicimessina.it\/?p=3719#webpage\",\"url\":\"https:\/\/www.chimicimessina.it\/?p=3719\",\"name\":\"a casa nostra - Ordine dei chimici e fisici della Provincia di Messina\",\"isPartOf\":{\"@id\":\"https:\/\/www.chimicimessina.it\/#website\"},\"primaryImageOfPage\":{\"@id\":\"https:\/\/www.chimicimessina.it\/?p=3719#primaryimage\"},\"datePublished\":\"2023-07-22T14:52:40+00:00\",\"dateModified\":\"2023-07-22T15:15:44+00:00\",\"author\":{\"@id\":\"https:\/\/www.chimicimessina.it\/#\/schema\/person\/2a1a6511b3f4d2d08afbfbe1376162de\"},\"breadcrumb\":{\"@id\":\"https:\/\/www.chimicimessina.it\/?p=3719#breadcrumb\"},\"inLanguage\":\"it-IT\",\"potentialAction\":[{\"@type\":\"ReadAction\",\"target\":[\"https:\/\/www.chimicimessina.it\/?p=3719\"]}]},{\"@type\":\"BreadcrumbList\",\"@id\":\"https:\/\/www.chimicimessina.it\/?p=3719#breadcrumb\",\"itemListElement\":[{\"@type\":\"ListItem\",\"position\":1,\"name\":\"Home\",\"item\":\"https:\/\/www.chimicimessina.it\/\"},{\"@type\":\"ListItem\",\"position\":2,\"name\":\"a casa nostra\"}]},{\"@type\":\"Person\",\"@id\":\"https:\/\/www.chimicimessina.it\/#\/schema\/person\/2a1a6511b3f4d2d08afbfbe1376162de\",\"name\":\"Rosario Sacc\\u00e0\",\"image\":{\"@type\":\"ImageObject\",\"@id\":\"https:\/\/www.chimicimessina.it\/#personlogo\",\"inLanguage\":\"it-IT\",\"url\":\"https:\/\/secure.gravatar.com\/avatar\/bb470e3a4b2005b5b7099da62bce38a7?s=96&d=mm&r=g\",\"contentUrl\":\"https:\/\/secure.gravatar.com\/avatar\/bb470e3a4b2005b5b7099da62bce38a7?s=96&d=mm&r=g\",\"caption\":\"Rosario Sacc\\u00e0\"},\"url\":\"https:\/\/www.chimicimessina.it\/?author=2\"}]}<\/script>\r\n<!-- \/ Yoast SEO plugin. -->","_links":{"self":[{"href":"https:\/\/www.chimicimessina.it\/index.php?rest_route=\/wp\/v2\/posts\/3719"}],"collection":[{"href":"https:\/\/www.chimicimessina.it\/index.php?rest_route=\/wp\/v2\/posts"}],"about":[{"href":"https:\/\/www.chimicimessina.it\/index.php?rest_route=\/wp\/v2\/types\/post"}],"author":[{"embeddable":true,"href":"https:\/\/www.chimicimessina.it\/index.php?rest_route=\/wp\/v2\/users\/2"}],"replies":[{"embeddable":true,"href":"https:\/\/www.chimicimessina.it\/index.php?rest_route=%2Fwp%2Fv2%2Fcomments&post=3719"}],"version-history":[{"count":1,"href":"https:\/\/www.chimicimessina.it\/index.php?rest_route=\/wp\/v2\/posts\/3719\/revisions"}],"predecessor-version":[{"id":3720,"href":"https:\/\/www.chimicimessina.it\/index.php?rest_route=\/wp\/v2\/posts\/3719\/revisions\/3720"}],"wp:featuredmedia":[{"embeddable":true,"href":"https:\/\/www.chimicimessina.it\/index.php?rest_route=\/wp\/v2\/media\/3577"}],"wp:attachment":[{"href":"https:\/\/www.chimicimessina.it\/index.php?rest_route=%2Fwp%2Fv2%2Fmedia&parent=3719"}],"wp:term":[{"taxonomy":"category","embeddable":true,"href":"https:\/\/www.chimicimessina.it\/index.php?rest_route=%2Fwp%2Fv2%2Fcategories&post=3719"},{"taxonomy":"post_tag","embeddable":true,"href":"https:\/\/www.chimicimessina.it\/index.php?rest_route=%2Fwp%2Fv2%2Ftags&post=3719"}],"curies":[{"name":"wp","href":"https:\/\/api.w.org\/{rel}","templated":true}]}}