{"id":2821,"date":"2019-12-08T23:38:01","date_gmt":"2019-12-08T22:38:01","guid":{"rendered":"http:\/\/www.chimicimessina.it\/?p=2821"},"modified":"2019-12-23T11:08:41","modified_gmt":"2019-12-23T10:08:41","slug":"la-tavola-periodica-storia-lunga-150-anni","status":"publish","type":"post","link":"https:\/\/www.chimicimessina.it\/?p=2821","title":{"rendered":"Evento Formativo &#8211; La Tavola Periodica: una storia lunga 150 anni"},"content":{"rendered":"<h2 style=\"text-align: justify;\"><strong>2019: Anno Internazionale della Tavola Periodica<\/strong><\/h2>\n<h3 style=\"text-align: justify;\">La tavola periodica degli elementi chimici \u00e8 uno dei risultati pi\u00f9 significativi nella scienza, catturando l&#8217;essenza non solo della chimica ma anche della fisica e della biologia. \u00c8 uno strumento unico, che consente agli scienziati di prevedere l&#8217;aspetto e le propriet\u00e0 di materia sulla Terra e nel resto dell&#8217;Universo.<\/h3>\n<h3 style=\"text-align: justify;\">L&#8217;Assemblea Generale delle Nazioni Unite ha proclamato l&#8217;anno 2019 come Anno Internazionale della Tavola Periodica per celebrare il 150\u00b0 anniversario della scoperta di Dmitrij Mendeleev (1869).<\/h3>\n<h3 style=\"text-align: justify;\">In questo anno si sono svolte moltissime manifestazioni, sia in Italia sia all\u2019estero, per festeggiare il 150\u00b0 anniversario della Tavola Periodica. Tra tutte ricordiamo &#8220;La sinfonia degli elementi&#8221;, organizzata dalla FNCF e svoltasi a Roma lo scorso 16 ottobre.<\/h3>\n<h3 style=\"text-align: justify;\">Anche il nostro Ordine vuole ricordare questo importante anniversario. Per questo \u00e8 stato organizzato il convegno dal titolo: <strong><em>La Tavola Periodica: una storia lunga 150 anni.<\/em><\/strong>L&#8217;evento si terr\u00e0 un a Villafranca Tirrena, presso il Viola Palace Hotel, venerd\u00ec 20 dicembre 2019, con inizio alle ore 15:00. Oltre alla Tavola Periodica di Mendeleev, sar\u00e0 ricordato Primo levi, nel centenario della sua nascita. In chiusura sar\u00e0 ricordato anche Tiziano Granata, Chimico\u00a0che prestava servizio nella Polizia di Stato, gi\u00e0 Consigliere dell&#8217;Ordine, scomparso prematuramente il primo marzo 2018.<\/h3>\n<h3 style=\"text-align: justify;\">E&#8217; stato avviato l&#8217;iter di accreditamento ECM.<\/h3>\n<h3 style=\"text-align: justify;\">L&#8217;iscrizione al convegno \u00e8 gratuita. E&#8217; necessario iscriversi online, dall&#8217;apposita <strong>pagina di registrazione. <\/strong>Dalla medesima pagina \u00e8 possibile scaricare la locandina e il programma. Le iscrizioni saranno chiuse alle ore 15:00 di gioved\u00ec 19 dicembre 2019.<\/h3>\n<h3><\/h3>\n<p>&nbsp;<\/p>\n","protected":false},"excerpt":{"rendered":"<p>2019: Anno Internazionale della Tavola Periodica La tavola periodica degli elementi chimici \u00e8 uno dei risultati pi\u00f9 significativi nella scienza, catturando l&#8217;essenza non solo della chimica ma anche della fisica e della biologia.<\/p>\n","protected":false},"author":2,"featured_media":2622,"comment_status":"open","ping_status":"open","sticky":true,"template":"","format":"standard","meta":[],"categories":[13,4],"tags":[110,483,40,534,535,477],"yoast_head":"<!-- This site is optimized with the Yoast SEO plugin v16.6 - https:\/\/yoast.com\/wordpress\/plugins\/seo\/ -->\r\n<title>Evento Formativo - La Tavola Periodica: una storia lunga 150 anni - Ordine dei chimici e fisici della Provincia di Messina<\/title>\r\n<meta name=\"robots\" content=\"index, follow, max-snippet:-1, max-image-preview:large, max-video-preview:-1\" \/>\r\n<link rel=\"canonical\" href=\"https:\/\/www.chimicimessina.it\/?p=2821\" \/>\r\n<meta property=\"og:locale\" content=\"it_IT\" \/>\r\n<meta property=\"og:type\" content=\"article\" \/>\r\n<meta property=\"og:title\" content=\"Evento Formativo - La Tavola Periodica: una storia lunga 150 anni - Ordine dei chimici e fisici della Provincia di Messina\" \/>\r\n<meta property=\"og:description\" content=\"2019: Anno Internazionale della Tavola Periodica La tavola periodica degli elementi chimici \u00e8 uno dei risultati pi\u00f9 significativi nella scienza, catturando l&#8217;essenza non solo della chimica ma anche della fisica e della biologia.\" \/>\r\n<meta property=\"og:url\" content=\"https:\/\/www.chimicimessina.it\/?p=2821\" \/>\r\n<meta property=\"og:site_name\" content=\"Ordine dei chimici e fisici della Provincia di Messina\" \/>\r\n<meta property=\"article:published_time\" content=\"2019-12-08T22:38:01+00:00\" \/>\r\n<meta property=\"article:modified_time\" content=\"2019-12-23T10:08:41+00:00\" \/>\r\n<meta property=\"og:image\" content=\"https:\/\/www.chimicimessina.it\/wp-content\/uploads\/2019\/01\/Nuovo-logo-ordine.jpg\" \/>\r\n\t<meta property=\"og:image:width\" content=\"204\" \/>\r\n\t<meta property=\"og:image:height\" content=\"204\" \/>\r\n<meta name=\"twitter:card\" content=\"summary\" \/>\r\n<meta name=\"twitter:label1\" content=\"Tempo di lettura stimato\" \/>\n\t<meta name=\"twitter:data1\" content=\"1 minuto\" \/>\r\n<script type=\"application\/ld+json\" class=\"yoast-schema-graph\">{\"@context\":\"https:\/\/schema.org\",\"@graph\":[{\"@type\":\"WebSite\",\"@id\":\"https:\/\/www.chimicimessina.it\/#website\",\"url\":\"https:\/\/www.chimicimessina.it\/\",\"name\":\"Ordine dei chimici e fisici della Provincia di Messina\",\"description\":\"\",\"potentialAction\":[{\"@type\":\"SearchAction\",\"target\":{\"@type\":\"EntryPoint\",\"urlTemplate\":\"https:\/\/www.chimicimessina.it\/?s={search_term_string}\"},\"query-input\":\"required name=search_term_string\"}],\"inLanguage\":\"it-IT\"},{\"@type\":\"ImageObject\",\"@id\":\"https:\/\/www.chimicimessina.it\/?p=2821#primaryimage\",\"inLanguage\":\"it-IT\",\"url\":\"https:\/\/www.chimicimessina.it\/wp-content\/uploads\/2019\/01\/Nuovo-logo-ordine.jpg\",\"contentUrl\":\"https:\/\/www.chimicimessina.it\/wp-content\/uploads\/2019\/01\/Nuovo-logo-ordine.jpg\",\"width\":204,\"height\":204},{\"@type\":\"WebPage\",\"@id\":\"https:\/\/www.chimicimessina.it\/?p=2821#webpage\",\"url\":\"https:\/\/www.chimicimessina.it\/?p=2821\",\"name\":\"Evento Formativo - La Tavola Periodica: una storia lunga 150 anni - Ordine dei chimici e fisici della Provincia di Messina\",\"isPartOf\":{\"@id\":\"https:\/\/www.chimicimessina.it\/#website\"},\"primaryImageOfPage\":{\"@id\":\"https:\/\/www.chimicimessina.it\/?p=2821#primaryimage\"},\"datePublished\":\"2019-12-08T22:38:01+00:00\",\"dateModified\":\"2019-12-23T10:08:41+00:00\",\"author\":{\"@id\":\"https:\/\/www.chimicimessina.it\/#\/schema\/person\/2a1a6511b3f4d2d08afbfbe1376162de\"},\"breadcrumb\":{\"@id\":\"https:\/\/www.chimicimessina.it\/?p=2821#breadcrumb\"},\"inLanguage\":\"it-IT\",\"potentialAction\":[{\"@type\":\"ReadAction\",\"target\":[\"https:\/\/www.chimicimessina.it\/?p=2821\"]}]},{\"@type\":\"BreadcrumbList\",\"@id\":\"https:\/\/www.chimicimessina.it\/?p=2821#breadcrumb\",\"itemListElement\":[{\"@type\":\"ListItem\",\"position\":1,\"name\":\"Home\",\"item\":\"https:\/\/www.chimicimessina.it\/\"},{\"@type\":\"ListItem\",\"position\":2,\"name\":\"Evento Formativo &#8211; La Tavola Periodica: una storia lunga 150 anni\"}]},{\"@type\":\"Person\",\"@id\":\"https:\/\/www.chimicimessina.it\/#\/schema\/person\/2a1a6511b3f4d2d08afbfbe1376162de\",\"name\":\"Rosario Sacc\\u00e0\",\"image\":{\"@type\":\"ImageObject\",\"@id\":\"https:\/\/www.chimicimessina.it\/#personlogo\",\"inLanguage\":\"it-IT\",\"url\":\"https:\/\/secure.gravatar.com\/avatar\/bb470e3a4b2005b5b7099da62bce38a7?s=96&d=mm&r=g\",\"contentUrl\":\"https:\/\/secure.gravatar.com\/avatar\/bb470e3a4b2005b5b7099da62bce38a7?s=96&d=mm&r=g\",\"caption\":\"Rosario Sacc\\u00e0\"},\"url\":\"https:\/\/www.chimicimessina.it\/?author=2\"}]}<\/script>\r\n<!-- \/ Yoast SEO plugin. -->","_links":{"self":[{"href":"https:\/\/www.chimicimessina.it\/index.php?rest_route=\/wp\/v2\/posts\/2821"}],"collection":[{"href":"https:\/\/www.chimicimessina.it\/index.php?rest_route=\/wp\/v2\/posts"}],"about":[{"href":"https:\/\/www.chimicimessina.it\/index.php?rest_route=\/wp\/v2\/types\/post"}],"author":[{"embeddable":true,"href":"https:\/\/www.chimicimessina.it\/index.php?rest_route=\/wp\/v2\/users\/2"}],"replies":[{"embeddable":true,"href":"https:\/\/www.chimicimessina.it\/index.php?rest_route=%2Fwp%2Fv2%2Fcomments&post=2821"}],"version-history":[{"count":7,"href":"https:\/\/www.chimicimessina.it\/index.php?rest_route=\/wp\/v2\/posts\/2821\/revisions"}],"predecessor-version":[{"id":2840,"href":"https:\/\/www.chimicimessina.it\/index.php?rest_route=\/wp\/v2\/posts\/2821\/revisions\/2840"}],"wp:featuredmedia":[{"embeddable":true,"href":"https:\/\/www.chimicimessina.it\/index.php?rest_route=\/wp\/v2\/media\/2622"}],"wp:attachment":[{"href":"https:\/\/www.chimicimessina.it\/index.php?rest_route=%2Fwp%2Fv2%2Fmedia&parent=2821"}],"wp:term":[{"taxonomy":"category","embeddable":true,"href":"https:\/\/www.chimicimessina.it\/index.php?rest_route=%2Fwp%2Fv2%2Fcategories&post=2821"},{"taxonomy":"post_tag","embeddable":true,"href":"https:\/\/www.chimicimessina.it\/index.php?rest_route=%2Fwp%2Fv2%2Ftags&post=2821"}],"curies":[{"name":"wp","href":"https:\/\/api.w.org\/{rel}","templated":true}]}}