{"id":2787,"date":"2019-09-27T17:28:27","date_gmt":"2019-09-27T15:28:27","guid":{"rendered":"http:\/\/www.chimicimessina.it\/?p=2787"},"modified":"2019-09-27T17:28:27","modified_gmt":"2019-09-27T15:28:27","slug":"rinnovo-cariche-rete-delle-professioni-tecniche-rpt","status":"publish","type":"post","link":"https:\/\/www.chimicimessina.it\/?p=2787","title":{"rendered":"Rinnovo cariche Rete delle Professioni Tecniche (RPT)"},"content":{"rendered":"<p style=\"text-align: justify;\">In data 25 settembre 2019, l\u2019Assemblea dei Presidenti della Rete delle Professioni Tecniche ha deliberato all\u2019unanimit\u00e0 di riconfermare il Coordinatore, Ing. Zambrano, ed il Segretario\\Tesoriere, Dr.ssa Nausicaa Orlandi (Presidente della nostra Federazione Nazionale).<\/p>\n<p style=\"text-align: justify;\">Con l&#8217;augurio che questa conferma della nostra presenza nella RPT possa, in questo nuovo mandato, essere di continuit\u00e0 nel lavoro intrapreso e permettere alle nostre categorie professionali di essere sempre pi\u00f9 riconosciute a livello ministeriale.<\/p>\n<p style=\"text-align: justify;\">La nostra presenza alla RPT \u00e9 molto importante, anche per ruolo ricoperto dalla Dr.ssa Orlandi, vista la necessit\u00e0 di fare squadra e fronte comune con le professioni sia tecniche che sanitarie, su tematiche importanti quali quella dell\u2019equo compenso, della valorizzazione e tutela del professionista regolamentato, del ruolo del libero professionista nella societ\u00e0. La RPT \u00e8 ormai un interlocutore consolidato per le istituzioni proprio perch\u00e9 rappresenta oltre 600.000 professionisti ed \u00e8 in grado di lavorare in sinergia per proporre fattivamente \u2013 tramite i propri gruppi di lavoro \u2013 istanze, emendamenti e linee guide.<\/p>\n","protected":false},"excerpt":{"rendered":"<p>In data 25 settembre 2019, l\u2019Assemblea dei Presidenti della Rete delle Professioni Tecniche ha deliberato all\u2019unanimit\u00e0 di riconfermare il Coordinatore, Ing.<\/p>\n","protected":false},"author":2,"featured_media":2622,"comment_status":"open","ping_status":"open","sticky":true,"template":"","format":"standard","meta":[],"categories":[13],"tags":[521,522,523,524,242],"yoast_head":"<!-- This site is optimized with the Yoast SEO plugin v16.6 - https:\/\/yoast.com\/wordpress\/plugins\/seo\/ -->\r\n<title>Rinnovo cariche Rete delle Professioni Tecniche (RPT) - Ordine dei chimici e fisici della Provincia di Messina<\/title>\r\n<meta name=\"robots\" content=\"index, follow, max-snippet:-1, max-image-preview:large, max-video-preview:-1\" \/>\r\n<link rel=\"canonical\" href=\"https:\/\/www.chimicimessina.it\/?p=2787\" \/>\r\n<meta property=\"og:locale\" content=\"it_IT\" \/>\r\n<meta property=\"og:type\" content=\"article\" \/>\r\n<meta property=\"og:title\" content=\"Rinnovo cariche Rete delle Professioni Tecniche (RPT) - Ordine dei chimici e fisici della Provincia di Messina\" \/>\r\n<meta property=\"og:description\" content=\"In data 25 settembre 2019, l\u2019Assemblea dei Presidenti della Rete delle Professioni Tecniche ha deliberato all\u2019unanimit\u00e0 di riconfermare il Coordinatore, Ing.\" \/>\r\n<meta property=\"og:url\" content=\"https:\/\/www.chimicimessina.it\/?p=2787\" \/>\r\n<meta property=\"og:site_name\" content=\"Ordine dei chimici e fisici della Provincia di Messina\" \/>\r\n<meta property=\"article:published_time\" content=\"2019-09-27T15:28:27+00:00\" \/>\r\n<meta property=\"og:image\" content=\"https:\/\/www.chimicimessina.it\/wp-content\/uploads\/2019\/01\/Nuovo-logo-ordine.jpg\" \/>\r\n\t<meta property=\"og:image:width\" content=\"204\" \/>\r\n\t<meta property=\"og:image:height\" content=\"204\" \/>\r\n<meta name=\"twitter:card\" content=\"summary\" \/>\r\n<meta name=\"twitter:label1\" content=\"Tempo di lettura stimato\" \/>\n\t<meta name=\"twitter:data1\" content=\"1 minuto\" \/>\r\n<script type=\"application\/ld+json\" class=\"yoast-schema-graph\">{\"@context\":\"https:\/\/schema.org\",\"@graph\":[{\"@type\":\"WebSite\",\"@id\":\"https:\/\/www.chimicimessina.it\/#website\",\"url\":\"https:\/\/www.chimicimessina.it\/\",\"name\":\"Ordine dei chimici e fisici della Provincia di Messina\",\"description\":\"\",\"potentialAction\":[{\"@type\":\"SearchAction\",\"target\":{\"@type\":\"EntryPoint\",\"urlTemplate\":\"https:\/\/www.chimicimessina.it\/?s={search_term_string}\"},\"query-input\":\"required name=search_term_string\"}],\"inLanguage\":\"it-IT\"},{\"@type\":\"ImageObject\",\"@id\":\"https:\/\/www.chimicimessina.it\/?p=2787#primaryimage\",\"inLanguage\":\"it-IT\",\"url\":\"https:\/\/www.chimicimessina.it\/wp-content\/uploads\/2019\/01\/Nuovo-logo-ordine.jpg\",\"contentUrl\":\"https:\/\/www.chimicimessina.it\/wp-content\/uploads\/2019\/01\/Nuovo-logo-ordine.jpg\",\"width\":204,\"height\":204},{\"@type\":\"WebPage\",\"@id\":\"https:\/\/www.chimicimessina.it\/?p=2787#webpage\",\"url\":\"https:\/\/www.chimicimessina.it\/?p=2787\",\"name\":\"Rinnovo cariche Rete delle Professioni Tecniche (RPT) - Ordine dei chimici e fisici della Provincia di Messina\",\"isPartOf\":{\"@id\":\"https:\/\/www.chimicimessina.it\/#website\"},\"primaryImageOfPage\":{\"@id\":\"https:\/\/www.chimicimessina.it\/?p=2787#primaryimage\"},\"datePublished\":\"2019-09-27T15:28:27+00:00\",\"dateModified\":\"2019-09-27T15:28:27+00:00\",\"author\":{\"@id\":\"https:\/\/www.chimicimessina.it\/#\/schema\/person\/2a1a6511b3f4d2d08afbfbe1376162de\"},\"breadcrumb\":{\"@id\":\"https:\/\/www.chimicimessina.it\/?p=2787#breadcrumb\"},\"inLanguage\":\"it-IT\",\"potentialAction\":[{\"@type\":\"ReadAction\",\"target\":[\"https:\/\/www.chimicimessina.it\/?p=2787\"]}]},{\"@type\":\"BreadcrumbList\",\"@id\":\"https:\/\/www.chimicimessina.it\/?p=2787#breadcrumb\",\"itemListElement\":[{\"@type\":\"ListItem\",\"position\":1,\"name\":\"Home\",\"item\":\"https:\/\/www.chimicimessina.it\/\"},{\"@type\":\"ListItem\",\"position\":2,\"name\":\"Rinnovo cariche Rete delle Professioni Tecniche (RPT)\"}]},{\"@type\":\"Person\",\"@id\":\"https:\/\/www.chimicimessina.it\/#\/schema\/person\/2a1a6511b3f4d2d08afbfbe1376162de\",\"name\":\"Rosario Sacc\\u00e0\",\"image\":{\"@type\":\"ImageObject\",\"@id\":\"https:\/\/www.chimicimessina.it\/#personlogo\",\"inLanguage\":\"it-IT\",\"url\":\"https:\/\/secure.gravatar.com\/avatar\/bb470e3a4b2005b5b7099da62bce38a7?s=96&d=mm&r=g\",\"contentUrl\":\"https:\/\/secure.gravatar.com\/avatar\/bb470e3a4b2005b5b7099da62bce38a7?s=96&d=mm&r=g\",\"caption\":\"Rosario Sacc\\u00e0\"},\"url\":\"https:\/\/www.chimicimessina.it\/?author=2\"}]}<\/script>\r\n<!-- \/ Yoast SEO plugin. -->","_links":{"self":[{"href":"https:\/\/www.chimicimessina.it\/index.php?rest_route=\/wp\/v2\/posts\/2787"}],"collection":[{"href":"https:\/\/www.chimicimessina.it\/index.php?rest_route=\/wp\/v2\/posts"}],"about":[{"href":"https:\/\/www.chimicimessina.it\/index.php?rest_route=\/wp\/v2\/types\/post"}],"author":[{"embeddable":true,"href":"https:\/\/www.chimicimessina.it\/index.php?rest_route=\/wp\/v2\/users\/2"}],"replies":[{"embeddable":true,"href":"https:\/\/www.chimicimessina.it\/index.php?rest_route=%2Fwp%2Fv2%2Fcomments&post=2787"}],"version-history":[{"count":1,"href":"https:\/\/www.chimicimessina.it\/index.php?rest_route=\/wp\/v2\/posts\/2787\/revisions"}],"predecessor-version":[{"id":2788,"href":"https:\/\/www.chimicimessina.it\/index.php?rest_route=\/wp\/v2\/posts\/2787\/revisions\/2788"}],"wp:featuredmedia":[{"embeddable":true,"href":"https:\/\/www.chimicimessina.it\/index.php?rest_route=\/wp\/v2\/media\/2622"}],"wp:attachment":[{"href":"https:\/\/www.chimicimessina.it\/index.php?rest_route=%2Fwp%2Fv2%2Fmedia&parent=2787"}],"wp:term":[{"taxonomy":"category","embeddable":true,"href":"https:\/\/www.chimicimessina.it\/index.php?rest_route=%2Fwp%2Fv2%2Fcategories&post=2787"},{"taxonomy":"post_tag","embeddable":true,"href":"https:\/\/www.chimicimessina.it\/index.php?rest_route=%2Fwp%2Fv2%2Ftags&post=2787"}],"curies":[{"name":"wp","href":"https:\/\/api.w.org\/{rel}","templated":true}]}}