{"id":2739,"date":"2019-07-27T15:40:34","date_gmt":"2019-07-27T13:40:34","guid":{"rendered":"http:\/\/www.chimicimessina.it\/?p=2739"},"modified":"2019-07-27T15:47:52","modified_gmt":"2019-07-27T13:47:52","slug":"corso-perfezionamento-gestione-della-proprieta-industriale-2","status":"publish","type":"post","link":"https:\/\/www.chimicimessina.it\/?p=2739","title":{"rendered":"Corso di perfezionamento in Gestione della Propriet\u00e0 Industriale"},"content":{"rendered":"<p>Riceviamo, com preghiera di darne diffusione tra gli iscritti la seguente notizia.<\/p>\n<p>E&#8217; di prossima attivazione il <strong>Corso di perfezionamento in Gestione della Propriet\u00e0 Industriale \u2013 corso base<\/strong>.<\/p>\n<p>Il <strong>bando<\/strong> per l\u2019ammissione sar\u00e0 pubblicato nei <strong>primi giorni di settembre<\/strong> e rimarr\u00e0 aperto un mese circa.<\/p>\n<p><strong>Obiettivi<\/strong><\/p>\n<p>Il corso ha l&#8217;obiettivo di fornire ai professionisti, attivi nella ricerca e nello sviluppo nel settore industriale, una buona conoscenza delle leggi brevettuali italiane, europee e dei principali Paesi industrializzati, delle procedure di brevettazione e delle strategie da assumere in campo brevettuale, allo scopo di migliorare e completare la loro professionalit\u00e0, nonch\u00e9 di fornire ai laureati, che intendano dedicarsi alla professione di consulente in brevetti, le basi indispensabili della materia.<\/p>\n<p>Per ulteriori approfondimenti si invita a consultare la <a href=\"https:\/\/sites.unimi.it\/gpi\/obiettivi-del-corso\/\">sezione obiettivi del sito dedicato<\/a>.<\/p>\n<p><strong>Tematiche<\/strong><\/p>\n<p>&#8211;\u00a0\u00a0\u00a0\u00a0\u00a0\u00a0\u00a0\u00a0\u00a0 Brevetti: introduzione al brevetto, leggi nazionali e convenzioni internazionali;<\/p>\n<p>&#8211;\u00a0\u00a0\u00a0\u00a0\u00a0\u00a0\u00a0\u00a0\u00a0 Requisiti di brevettabilit\u00e0: novit\u00e0, attivit\u00e0 inventiva, industrialit\u00e0, sufficienza di descrizione;<\/p>\n<p>&#8211;\u00a0\u00a0\u00a0\u00a0\u00a0\u00a0\u00a0\u00a0\u00a0 Procedure di brevettazione. Tipologie di brevetti, redazione, deposito e prosecuzione;<\/p>\n<p>&#8211;\u00a0\u00a0\u00a0\u00a0\u00a0\u00a0\u00a0\u00a0\u00a0 Marchi e propriet\u00e0 industriale;<\/p>\n<p>&#8211;\u00a0\u00a0\u00a0\u00a0\u00a0\u00a0\u00a0\u00a0\u00a0 Azioni giudiziarie in campo brevettuale;<\/p>\n<p>&#8211;\u00a0\u00a0\u00a0\u00a0\u00a0\u00a0\u00a0\u00a0\u00a0 Ricerca bibliografica e documentale;<\/p>\n<p>&#8211;\u00a0\u00a0\u00a0\u00a0\u00a0\u00a0\u00a0\u00a0\u00a0 Esercitazioni.<\/p>\n<p><strong>Destinatari<\/strong><\/p>\n<p>Il corso si rivolge ai possessori di laurea e laurea magistrale in una delle classi scientifico tecnologiche, giuridiche ed economiche. Potranno essere ammessi anche laureati e laureati magistrali in altre discipline previa valutazione dei competenti organi del corso.<\/p>\n<p><strong>Modalit\u00e0 di ammissione<\/strong><\/p>\n<p>Il corso si rivolge ai laureati e le domande di ammissione dovranno essere presentate esclusivamente on-line entro la scadenza che sar\u00e0 indicata nel <strong>bando in pubblicazione a settembre<\/strong> <strong>2019<\/strong>.<\/p>\n<p><strong>Durata<\/strong>: 112 ore di didattica frontale ed esercitazioni, in programma dal mese di novembre 2019 al mese di giugno 2020.<\/p>\n<p><strong>Sede<\/strong>: Dipartimento di Scienze Farmaceutiche, Via Venezian 21, Milano<\/p>\n<p><strong>Coordinatore<\/strong><\/p>\n<p>Prof. Giorgio Abbiati<\/p>\n<p>Per ulteriori informazioni si invita a consultare il <a href=\"http:\/\/sites.unimi.it\/gpi\/\" target=\"_blank\">sito web<\/a> o contattare la <a href=\"mailto:brevettistica@unimi.it\" target=\"_blank\">segreteria<\/a><\/p>\n<p><a class=\"rd-pdf\" href=\"http:\/\/www.chimicimessina.it\/?attachment_id=2742\" target=\"_blank\" rel=\"attachment wp-att-2742\">pieghevole_CdP GPI_2019-2020<\/a><\/p>\n","protected":false},"excerpt":{"rendered":"<p>Riceviamo, com preghiera di darne diffusione tra gli iscritti la seguente notizia.<\/p>\n","protected":false},"author":2,"featured_media":2622,"comment_status":"open","ping_status":"open","sticky":true,"template":"","format":"standard","meta":[],"categories":[13],"tags":[168,500,228,218,499,498,497],"yoast_head":"<!-- This site is optimized with the Yoast SEO plugin v16.6 - https:\/\/yoast.com\/wordpress\/plugins\/seo\/ -->\r\n<title>Corso di perfezionamento in Gestione della Propriet\u00e0 Industriale - Ordine dei chimici e fisici della Provincia di Messina<\/title>\r\n<meta name=\"robots\" content=\"index, follow, max-snippet:-1, max-image-preview:large, max-video-preview:-1\" \/>\r\n<link rel=\"canonical\" href=\"https:\/\/www.chimicimessina.it\/?p=2739\" \/>\r\n<meta property=\"og:locale\" content=\"it_IT\" \/>\r\n<meta property=\"og:type\" content=\"article\" \/>\r\n<meta property=\"og:title\" content=\"Corso di perfezionamento in Gestione della Propriet\u00e0 Industriale - Ordine dei chimici e fisici della Provincia di Messina\" \/>\r\n<meta property=\"og:description\" content=\"Riceviamo, com preghiera di darne diffusione tra gli iscritti la seguente notizia.\" \/>\r\n<meta property=\"og:url\" content=\"https:\/\/www.chimicimessina.it\/?p=2739\" \/>\r\n<meta property=\"og:site_name\" content=\"Ordine dei chimici e fisici della Provincia di Messina\" \/>\r\n<meta property=\"article:published_time\" content=\"2019-07-27T13:40:34+00:00\" \/>\r\n<meta property=\"article:modified_time\" content=\"2019-07-27T13:47:52+00:00\" \/>\r\n<meta property=\"og:image\" content=\"https:\/\/www.chimicimessina.it\/wp-content\/uploads\/2019\/01\/Nuovo-logo-ordine.jpg\" \/>\r\n\t<meta property=\"og:image:width\" content=\"204\" \/>\r\n\t<meta property=\"og:image:height\" content=\"204\" \/>\r\n<meta name=\"twitter:card\" content=\"summary\" \/>\r\n<meta name=\"twitter:label1\" content=\"Tempo di lettura stimato\" \/>\n\t<meta name=\"twitter:data1\" content=\"2 minuti\" \/>\r\n<script type=\"application\/ld+json\" class=\"yoast-schema-graph\">{\"@context\":\"https:\/\/schema.org\",\"@graph\":[{\"@type\":\"WebSite\",\"@id\":\"https:\/\/www.chimicimessina.it\/#website\",\"url\":\"https:\/\/www.chimicimessina.it\/\",\"name\":\"Ordine dei chimici e fisici della Provincia di Messina\",\"description\":\"\",\"potentialAction\":[{\"@type\":\"SearchAction\",\"target\":{\"@type\":\"EntryPoint\",\"urlTemplate\":\"https:\/\/www.chimicimessina.it\/?s={search_term_string}\"},\"query-input\":\"required name=search_term_string\"}],\"inLanguage\":\"it-IT\"},{\"@type\":\"ImageObject\",\"@id\":\"https:\/\/www.chimicimessina.it\/?p=2739#primaryimage\",\"inLanguage\":\"it-IT\",\"url\":\"https:\/\/www.chimicimessina.it\/wp-content\/uploads\/2019\/01\/Nuovo-logo-ordine.jpg\",\"contentUrl\":\"https:\/\/www.chimicimessina.it\/wp-content\/uploads\/2019\/01\/Nuovo-logo-ordine.jpg\",\"width\":204,\"height\":204},{\"@type\":\"WebPage\",\"@id\":\"https:\/\/www.chimicimessina.it\/?p=2739#webpage\",\"url\":\"https:\/\/www.chimicimessina.it\/?p=2739\",\"name\":\"Corso di perfezionamento in Gestione della Propriet\\u00e0 Industriale - Ordine dei chimici e fisici della Provincia di Messina\",\"isPartOf\":{\"@id\":\"https:\/\/www.chimicimessina.it\/#website\"},\"primaryImageOfPage\":{\"@id\":\"https:\/\/www.chimicimessina.it\/?p=2739#primaryimage\"},\"datePublished\":\"2019-07-27T13:40:34+00:00\",\"dateModified\":\"2019-07-27T13:47:52+00:00\",\"author\":{\"@id\":\"https:\/\/www.chimicimessina.it\/#\/schema\/person\/2a1a6511b3f4d2d08afbfbe1376162de\"},\"breadcrumb\":{\"@id\":\"https:\/\/www.chimicimessina.it\/?p=2739#breadcrumb\"},\"inLanguage\":\"it-IT\",\"potentialAction\":[{\"@type\":\"ReadAction\",\"target\":[\"https:\/\/www.chimicimessina.it\/?p=2739\"]}]},{\"@type\":\"BreadcrumbList\",\"@id\":\"https:\/\/www.chimicimessina.it\/?p=2739#breadcrumb\",\"itemListElement\":[{\"@type\":\"ListItem\",\"position\":1,\"name\":\"Home\",\"item\":\"https:\/\/www.chimicimessina.it\/\"},{\"@type\":\"ListItem\",\"position\":2,\"name\":\"Corso di perfezionamento in Gestione della Propriet\\u00e0 Industriale\"}]},{\"@type\":\"Person\",\"@id\":\"https:\/\/www.chimicimessina.it\/#\/schema\/person\/2a1a6511b3f4d2d08afbfbe1376162de\",\"name\":\"Rosario Sacc\\u00e0\",\"image\":{\"@type\":\"ImageObject\",\"@id\":\"https:\/\/www.chimicimessina.it\/#personlogo\",\"inLanguage\":\"it-IT\",\"url\":\"https:\/\/secure.gravatar.com\/avatar\/bb470e3a4b2005b5b7099da62bce38a7?s=96&d=mm&r=g\",\"contentUrl\":\"https:\/\/secure.gravatar.com\/avatar\/bb470e3a4b2005b5b7099da62bce38a7?s=96&d=mm&r=g\",\"caption\":\"Rosario Sacc\\u00e0\"},\"url\":\"https:\/\/www.chimicimessina.it\/?author=2\"}]}<\/script>\r\n<!-- \/ Yoast SEO plugin. -->","_links":{"self":[{"href":"https:\/\/www.chimicimessina.it\/index.php?rest_route=\/wp\/v2\/posts\/2739"}],"collection":[{"href":"https:\/\/www.chimicimessina.it\/index.php?rest_route=\/wp\/v2\/posts"}],"about":[{"href":"https:\/\/www.chimicimessina.it\/index.php?rest_route=\/wp\/v2\/types\/post"}],"author":[{"embeddable":true,"href":"https:\/\/www.chimicimessina.it\/index.php?rest_route=\/wp\/v2\/users\/2"}],"replies":[{"embeddable":true,"href":"https:\/\/www.chimicimessina.it\/index.php?rest_route=%2Fwp%2Fv2%2Fcomments&post=2739"}],"version-history":[{"count":3,"href":"https:\/\/www.chimicimessina.it\/index.php?rest_route=\/wp\/v2\/posts\/2739\/revisions"}],"predecessor-version":[{"id":2743,"href":"https:\/\/www.chimicimessina.it\/index.php?rest_route=\/wp\/v2\/posts\/2739\/revisions\/2743"}],"wp:featuredmedia":[{"embeddable":true,"href":"https:\/\/www.chimicimessina.it\/index.php?rest_route=\/wp\/v2\/media\/2622"}],"wp:attachment":[{"href":"https:\/\/www.chimicimessina.it\/index.php?rest_route=%2Fwp%2Fv2%2Fmedia&parent=2739"}],"wp:term":[{"taxonomy":"category","embeddable":true,"href":"https:\/\/www.chimicimessina.it\/index.php?rest_route=%2Fwp%2Fv2%2Fcategories&post=2739"},{"taxonomy":"post_tag","embeddable":true,"href":"https:\/\/www.chimicimessina.it\/index.php?rest_route=%2Fwp%2Fv2%2Ftags&post=2739"}],"curies":[{"name":"wp","href":"https:\/\/api.w.org\/{rel}","templated":true}]}}