{"id":2289,"date":"2018-03-21T20:37:25","date_gmt":"2018-03-21T19:37:25","guid":{"rendered":"http:\/\/www.chimicimessina.it\/?p=2289"},"modified":"2018-03-21T20:37:25","modified_gmt":"2018-03-21T19:37:25","slug":"18-congresso-nazionale-dei-chimici","status":"publish","type":"post","link":"https:\/\/www.chimicimessina.it\/?p=2289","title":{"rendered":"18\u00b0 CONGRESSO NAZIONALE DEI CHIMICI"},"content":{"rendered":"<p style=\"text-align: justify;\">Organizzato dal Consiglio Nazionale dei Chimici, si svolger\u00e0 a Bologna, il 12 e 13 ottobre 2018, il 18\u00b0 Congresso Nazionale. Questo evento \u00e8 il primo dopo l&#8217;entrata in vigore della legge n. 3 dell&#8217;11 gennaio 2018 che pone sotto la sorveglianza del Ministero della Salute il nostro Ordine Professionale. Saranno trattati i temi:<\/p>\n<ul>\n<li style=\"text-align: justify;\">Tradizione e Innovazione<\/li>\n<li style=\"text-align: justify;\">Informazione e Comunicazione<\/li>\n<li style=\"text-align: justify;\">Industria 4.0<\/li>\n<li style=\"text-align: justify;\">Economia Circolare<\/li>\n<li style=\"text-align: justify;\">Chimica e Salute<\/li>\n<li style=\"text-align: justify;\">Controlli<\/li>\n<\/ul>\n<p style=\"text-align: justify;\">La partecipazione al Congresso \u00e8 attivit\u00e0 formativa e asseger\u00e0 CFP agli iscritti che vi parteciperanno. Sar\u00e0 possibile registrarsi all&#8217;evento entro il 31 luglio per avere una tariffa d&#8217;iscrizione agevolata. Trascorsa tale data, ci si potr\u00e0 registrare entro il 30 settembre. La registrazione potr\u00e0 essere effettuata dalla pagina del congresso: <a href=\"http:\/\/www.chimici.it\/next2018\" target=\"_blank\">www.chimici.it\/next2018<\/a>.<\/p>\n<p>Di seguito il link per scaricare locandina e cartolina dell&#8217;evento.<\/p>\n<p><a class=\"rd-pdf\" href=\"http:\/\/www.chimicimessina.it\/?attachment_id=2290\" target=\"_blank\" rel=\"attachment wp-att-2290\">LOCANDINA_A3<\/a><\/p>\n<p><a class=\"rd-pdf\" href=\"http:\/\/www.chimicimessina.it\/?attachment_id=2291\" target=\"_blank\" rel=\"attachment wp-att-2291\">CARTOLINA-10X15-Fronte-Retro<\/a><\/p>\n","protected":false},"excerpt":{"rendered":"<p>Organizzato dal Consiglio Nazionale dei Chimici, si svolger\u00e0 a Bologna, il 12 e 13 ottobre 2018, il 18\u00b0 Congresso Nazionale.<\/p>\n","protected":false},"author":2,"featured_media":56,"comment_status":"open","ping_status":"open","sticky":false,"template":"","format":"standard","meta":[],"categories":[13,4],"tags":[39,395,90,393,388,394,111,396,392,391,170,389,390],"yoast_head":"<!-- This site is optimized with the Yoast SEO plugin v16.6 - https:\/\/yoast.com\/wordpress\/plugins\/seo\/ -->\r\n<title>18\u00b0 CONGRESSO NAZIONALE DEI CHIMICI - Ordine dei chimici e fisici della Provincia di Messina<\/title>\r\n<meta name=\"robots\" content=\"index, follow, max-snippet:-1, max-image-preview:large, max-video-preview:-1\" \/>\r\n<link rel=\"canonical\" href=\"https:\/\/www.chimicimessina.it\/?p=2289\" \/>\r\n<meta property=\"og:locale\" content=\"it_IT\" \/>\r\n<meta property=\"og:type\" content=\"article\" \/>\r\n<meta property=\"og:title\" content=\"18\u00b0 CONGRESSO NAZIONALE DEI CHIMICI - Ordine dei chimici e fisici della Provincia di Messina\" \/>\r\n<meta property=\"og:description\" content=\"Organizzato dal Consiglio Nazionale dei Chimici, si svolger\u00e0 a Bologna, il 12 e 13 ottobre 2018, il 18\u00b0 Congresso Nazionale.\" \/>\r\n<meta property=\"og:url\" content=\"https:\/\/www.chimicimessina.it\/?p=2289\" \/>\r\n<meta property=\"og:site_name\" content=\"Ordine dei chimici e fisici della Provincia di Messina\" \/>\r\n<meta property=\"article:published_time\" content=\"2018-03-21T19:37:25+00:00\" \/>\r\n<meta property=\"og:image\" content=\"https:\/\/www.chimicimessina.it\/wp-content\/uploads\/2015\/09\/logo_messina_edit.jpg\" \/>\r\n\t<meta property=\"og:image:width\" content=\"95\" \/>\r\n\t<meta property=\"og:image:height\" content=\"94\" \/>\r\n<meta name=\"twitter:card\" content=\"summary\" \/>\r\n<meta name=\"twitter:label1\" content=\"Tempo di lettura stimato\" \/>\n\t<meta name=\"twitter:data1\" content=\"1 minuto\" \/>\r\n<script type=\"application\/ld+json\" class=\"yoast-schema-graph\">{\"@context\":\"https:\/\/schema.org\",\"@graph\":[{\"@type\":\"WebSite\",\"@id\":\"https:\/\/www.chimicimessina.it\/#website\",\"url\":\"https:\/\/www.chimicimessina.it\/\",\"name\":\"Ordine dei chimici e fisici della Provincia di Messina\",\"description\":\"\",\"potentialAction\":[{\"@type\":\"SearchAction\",\"target\":{\"@type\":\"EntryPoint\",\"urlTemplate\":\"https:\/\/www.chimicimessina.it\/?s={search_term_string}\"},\"query-input\":\"required name=search_term_string\"}],\"inLanguage\":\"it-IT\"},{\"@type\":\"ImageObject\",\"@id\":\"https:\/\/www.chimicimessina.it\/?p=2289#primaryimage\",\"inLanguage\":\"it-IT\",\"url\":\"https:\/\/www.chimicimessina.it\/wp-content\/uploads\/2015\/09\/logo_messina_edit.jpg\",\"contentUrl\":\"https:\/\/www.chimicimessina.it\/wp-content\/uploads\/2015\/09\/logo_messina_edit.jpg\",\"width\":95,\"height\":94},{\"@type\":\"WebPage\",\"@id\":\"https:\/\/www.chimicimessina.it\/?p=2289#webpage\",\"url\":\"https:\/\/www.chimicimessina.it\/?p=2289\",\"name\":\"18\\u00b0 CONGRESSO NAZIONALE DEI CHIMICI - Ordine dei chimici e fisici della Provincia di Messina\",\"isPartOf\":{\"@id\":\"https:\/\/www.chimicimessina.it\/#website\"},\"primaryImageOfPage\":{\"@id\":\"https:\/\/www.chimicimessina.it\/?p=2289#primaryimage\"},\"datePublished\":\"2018-03-21T19:37:25+00:00\",\"dateModified\":\"2018-03-21T19:37:25+00:00\",\"author\":{\"@id\":\"https:\/\/www.chimicimessina.it\/#\/schema\/person\/2a1a6511b3f4d2d08afbfbe1376162de\"},\"breadcrumb\":{\"@id\":\"https:\/\/www.chimicimessina.it\/?p=2289#breadcrumb\"},\"inLanguage\":\"it-IT\",\"potentialAction\":[{\"@type\":\"ReadAction\",\"target\":[\"https:\/\/www.chimicimessina.it\/?p=2289\"]}]},{\"@type\":\"BreadcrumbList\",\"@id\":\"https:\/\/www.chimicimessina.it\/?p=2289#breadcrumb\",\"itemListElement\":[{\"@type\":\"ListItem\",\"position\":1,\"name\":\"Home\",\"item\":\"https:\/\/www.chimicimessina.it\/\"},{\"@type\":\"ListItem\",\"position\":2,\"name\":\"18\\u00b0 CONGRESSO NAZIONALE DEI CHIMICI\"}]},{\"@type\":\"Person\",\"@id\":\"https:\/\/www.chimicimessina.it\/#\/schema\/person\/2a1a6511b3f4d2d08afbfbe1376162de\",\"name\":\"Rosario Sacc\\u00e0\",\"image\":{\"@type\":\"ImageObject\",\"@id\":\"https:\/\/www.chimicimessina.it\/#personlogo\",\"inLanguage\":\"it-IT\",\"url\":\"https:\/\/secure.gravatar.com\/avatar\/bb470e3a4b2005b5b7099da62bce38a7?s=96&d=mm&r=g\",\"contentUrl\":\"https:\/\/secure.gravatar.com\/avatar\/bb470e3a4b2005b5b7099da62bce38a7?s=96&d=mm&r=g\",\"caption\":\"Rosario Sacc\\u00e0\"},\"url\":\"https:\/\/www.chimicimessina.it\/?author=2\"}]}<\/script>\r\n<!-- \/ Yoast SEO plugin. -->","_links":{"self":[{"href":"https:\/\/www.chimicimessina.it\/index.php?rest_route=\/wp\/v2\/posts\/2289"}],"collection":[{"href":"https:\/\/www.chimicimessina.it\/index.php?rest_route=\/wp\/v2\/posts"}],"about":[{"href":"https:\/\/www.chimicimessina.it\/index.php?rest_route=\/wp\/v2\/types\/post"}],"author":[{"embeddable":true,"href":"https:\/\/www.chimicimessina.it\/index.php?rest_route=\/wp\/v2\/users\/2"}],"replies":[{"embeddable":true,"href":"https:\/\/www.chimicimessina.it\/index.php?rest_route=%2Fwp%2Fv2%2Fcomments&post=2289"}],"version-history":[{"count":1,"href":"https:\/\/www.chimicimessina.it\/index.php?rest_route=\/wp\/v2\/posts\/2289\/revisions"}],"predecessor-version":[{"id":2292,"href":"https:\/\/www.chimicimessina.it\/index.php?rest_route=\/wp\/v2\/posts\/2289\/revisions\/2292"}],"wp:featuredmedia":[{"embeddable":true,"href":"https:\/\/www.chimicimessina.it\/index.php?rest_route=\/wp\/v2\/media\/56"}],"wp:attachment":[{"href":"https:\/\/www.chimicimessina.it\/index.php?rest_route=%2Fwp%2Fv2%2Fmedia&parent=2289"}],"wp:term":[{"taxonomy":"category","embeddable":true,"href":"https:\/\/www.chimicimessina.it\/index.php?rest_route=%2Fwp%2Fv2%2Fcategories&post=2289"},{"taxonomy":"post_tag","embeddable":true,"href":"https:\/\/www.chimicimessina.it\/index.php?rest_route=%2Fwp%2Fv2%2Ftags&post=2289"}],"curies":[{"name":"wp","href":"https:\/\/api.w.org\/{rel}","templated":true}]}}