{"id":2188,"date":"2017-11-17T16:47:01","date_gmt":"2017-11-17T15:47:01","guid":{"rendered":"http:\/\/www.chimicimessina.it\/?p=2188"},"modified":"2017-11-17T16:47:01","modified_gmt":"2017-11-17T15:47:01","slug":"equo-compenso-manifestazione-nazionale","status":"publish","type":"post","link":"https:\/\/www.chimicimessina.it\/?p=2188","title":{"rendered":"Equo compenso: manifestazione nazionale"},"content":{"rendered":"<p style=\"text-align: justify;\">Il Comitato Unitario Permanente degli Ordini e Collegi Professionali e la Rete delle Professioni Tecniche hanno indetto una manifestazione nazionale il 30 novembre p.v., al teatro Brancaccio di Roma, dalle 9.30 alle 13.30. La giornata sar\u00e0 un\u2019importante occasione di confronto istituzionale sul tema dell\u2019equo compenso.La situazione attuale rende pi\u00f9 che mai urgente un intervento deciso da parte dei professionisti: i tentativi di confronto degli ordini con le istituzioni non sembrano avere riscontro.<br \/>\nLa sentenza del Consiglio di Stato 4614\/17, che riconosce alla pubblica amministrazione la possibilit\u00e0 di prevedere una liquidazione di \u20ac 1,00 quale compenso per le prestazioni professionali, \u00e8 espressione delle gravi lacune normative in materia di equo compenso.<br \/>\nInfine, le proposte di legge in materia, attualmente ferme in Parlamento, rischiano di decadere con la fine, imminente, della legislatura. La manifestazione \u00e8 volta a sensibilizzare il paese su un tema fondamentale per le sue implicazioni costituzionali, sociali ed economiche. L\u2019equo compenso \u00e8 un principio sancito dalla Costituzione Italiana, \u00e8 fondamentale per riconoscimento del ruolo delle professioni nella societ\u00e0 e per la garanzia di una concorrenza basata sulla qualit\u00e0. Il vuoto normativo in materia di equo compenso causa una spinta al ribasso che, svilendo le remunerazioni, comporter\u00e0 un progressivo ed inesorabile impoverimento qualitativo delle prestazioni professionali, inaccettabile in un paese come l\u2019Italia. E&#8217; auspicabile la partecipazione di professionisti iscritti al nostro Ordine professionale affinch\u00e9 si pongano le basi per l\u2019inversione di tendenza da noi tutti auspicata.<\/p>\n","protected":false},"excerpt":{"rendered":"<p>Il Comitato Unitario Permanente degli Ordini e Collegi Professionali e la Rete delle Professioni Tecniche hanno indetto una manifestazione nazionale il 30 novembre p.<\/p>\n","protected":false},"author":2,"featured_media":56,"comment_status":"open","ping_status":"open","sticky":true,"template":"","format":"standard","meta":[],"categories":[13],"tags":[30,346,347,348,10,242],"yoast_head":"<!-- This site is optimized with the Yoast SEO plugin v16.6 - https:\/\/yoast.com\/wordpress\/plugins\/seo\/ -->\r\n<title>Equo compenso: manifestazione nazionale - Ordine dei chimici e fisici della Provincia di Messina<\/title>\r\n<meta name=\"robots\" content=\"index, follow, max-snippet:-1, max-image-preview:large, max-video-preview:-1\" \/>\r\n<link rel=\"canonical\" href=\"https:\/\/www.chimicimessina.it\/?p=2188\" \/>\r\n<meta property=\"og:locale\" content=\"it_IT\" \/>\r\n<meta property=\"og:type\" content=\"article\" \/>\r\n<meta property=\"og:title\" content=\"Equo compenso: manifestazione nazionale - Ordine dei chimici e fisici della Provincia di Messina\" \/>\r\n<meta property=\"og:description\" content=\"Il Comitato Unitario Permanente degli Ordini e Collegi Professionali e la Rete delle Professioni Tecniche hanno indetto una manifestazione nazionale il 30 novembre p.\" \/>\r\n<meta property=\"og:url\" content=\"https:\/\/www.chimicimessina.it\/?p=2188\" \/>\r\n<meta property=\"og:site_name\" content=\"Ordine dei chimici e fisici della Provincia di Messina\" \/>\r\n<meta property=\"article:published_time\" content=\"2017-11-17T15:47:01+00:00\" \/>\r\n<meta property=\"og:image\" content=\"https:\/\/www.chimicimessina.it\/wp-content\/uploads\/2015\/09\/logo_messina_edit.jpg\" \/>\r\n\t<meta property=\"og:image:width\" content=\"95\" \/>\r\n\t<meta property=\"og:image:height\" content=\"94\" \/>\r\n<meta name=\"twitter:card\" content=\"summary\" \/>\r\n<meta name=\"twitter:label1\" content=\"Tempo di lettura stimato\" \/>\n\t<meta name=\"twitter:data1\" content=\"1 minuto\" \/>\r\n<script type=\"application\/ld+json\" class=\"yoast-schema-graph\">{\"@context\":\"https:\/\/schema.org\",\"@graph\":[{\"@type\":\"WebSite\",\"@id\":\"https:\/\/www.chimicimessina.it\/#website\",\"url\":\"https:\/\/www.chimicimessina.it\/\",\"name\":\"Ordine dei chimici e fisici della Provincia di Messina\",\"description\":\"\",\"potentialAction\":[{\"@type\":\"SearchAction\",\"target\":{\"@type\":\"EntryPoint\",\"urlTemplate\":\"https:\/\/www.chimicimessina.it\/?s={search_term_string}\"},\"query-input\":\"required name=search_term_string\"}],\"inLanguage\":\"it-IT\"},{\"@type\":\"ImageObject\",\"@id\":\"https:\/\/www.chimicimessina.it\/?p=2188#primaryimage\",\"inLanguage\":\"it-IT\",\"url\":\"https:\/\/www.chimicimessina.it\/wp-content\/uploads\/2015\/09\/logo_messina_edit.jpg\",\"contentUrl\":\"https:\/\/www.chimicimessina.it\/wp-content\/uploads\/2015\/09\/logo_messina_edit.jpg\",\"width\":95,\"height\":94},{\"@type\":\"WebPage\",\"@id\":\"https:\/\/www.chimicimessina.it\/?p=2188#webpage\",\"url\":\"https:\/\/www.chimicimessina.it\/?p=2188\",\"name\":\"Equo compenso: manifestazione nazionale - Ordine dei chimici e fisici della Provincia di Messina\",\"isPartOf\":{\"@id\":\"https:\/\/www.chimicimessina.it\/#website\"},\"primaryImageOfPage\":{\"@id\":\"https:\/\/www.chimicimessina.it\/?p=2188#primaryimage\"},\"datePublished\":\"2017-11-17T15:47:01+00:00\",\"dateModified\":\"2017-11-17T15:47:01+00:00\",\"author\":{\"@id\":\"https:\/\/www.chimicimessina.it\/#\/schema\/person\/2a1a6511b3f4d2d08afbfbe1376162de\"},\"breadcrumb\":{\"@id\":\"https:\/\/www.chimicimessina.it\/?p=2188#breadcrumb\"},\"inLanguage\":\"it-IT\",\"potentialAction\":[{\"@type\":\"ReadAction\",\"target\":[\"https:\/\/www.chimicimessina.it\/?p=2188\"]}]},{\"@type\":\"BreadcrumbList\",\"@id\":\"https:\/\/www.chimicimessina.it\/?p=2188#breadcrumb\",\"itemListElement\":[{\"@type\":\"ListItem\",\"position\":1,\"name\":\"Home\",\"item\":\"https:\/\/www.chimicimessina.it\/\"},{\"@type\":\"ListItem\",\"position\":2,\"name\":\"Equo compenso: manifestazione nazionale\"}]},{\"@type\":\"Person\",\"@id\":\"https:\/\/www.chimicimessina.it\/#\/schema\/person\/2a1a6511b3f4d2d08afbfbe1376162de\",\"name\":\"Rosario Sacc\\u00e0\",\"image\":{\"@type\":\"ImageObject\",\"@id\":\"https:\/\/www.chimicimessina.it\/#personlogo\",\"inLanguage\":\"it-IT\",\"url\":\"https:\/\/secure.gravatar.com\/avatar\/bb470e3a4b2005b5b7099da62bce38a7?s=96&d=mm&r=g\",\"contentUrl\":\"https:\/\/secure.gravatar.com\/avatar\/bb470e3a4b2005b5b7099da62bce38a7?s=96&d=mm&r=g\",\"caption\":\"Rosario Sacc\\u00e0\"},\"url\":\"https:\/\/www.chimicimessina.it\/?author=2\"}]}<\/script>\r\n<!-- \/ Yoast SEO plugin. -->","_links":{"self":[{"href":"https:\/\/www.chimicimessina.it\/index.php?rest_route=\/wp\/v2\/posts\/2188"}],"collection":[{"href":"https:\/\/www.chimicimessina.it\/index.php?rest_route=\/wp\/v2\/posts"}],"about":[{"href":"https:\/\/www.chimicimessina.it\/index.php?rest_route=\/wp\/v2\/types\/post"}],"author":[{"embeddable":true,"href":"https:\/\/www.chimicimessina.it\/index.php?rest_route=\/wp\/v2\/users\/2"}],"replies":[{"embeddable":true,"href":"https:\/\/www.chimicimessina.it\/index.php?rest_route=%2Fwp%2Fv2%2Fcomments&post=2188"}],"version-history":[{"count":1,"href":"https:\/\/www.chimicimessina.it\/index.php?rest_route=\/wp\/v2\/posts\/2188\/revisions"}],"predecessor-version":[{"id":2189,"href":"https:\/\/www.chimicimessina.it\/index.php?rest_route=\/wp\/v2\/posts\/2188\/revisions\/2189"}],"wp:featuredmedia":[{"embeddable":true,"href":"https:\/\/www.chimicimessina.it\/index.php?rest_route=\/wp\/v2\/media\/56"}],"wp:attachment":[{"href":"https:\/\/www.chimicimessina.it\/index.php?rest_route=%2Fwp%2Fv2%2Fmedia&parent=2188"}],"wp:term":[{"taxonomy":"category","embeddable":true,"href":"https:\/\/www.chimicimessina.it\/index.php?rest_route=%2Fwp%2Fv2%2Fcategories&post=2188"},{"taxonomy":"post_tag","embeddable":true,"href":"https:\/\/www.chimicimessina.it\/index.php?rest_route=%2Fwp%2Fv2%2Ftags&post=2188"}],"curies":[{"name":"wp","href":"https:\/\/api.w.org\/{rel}","templated":true}]}}