{"id":2064,"date":"2017-07-26T10:35:02","date_gmt":"2017-07-26T08:35:02","guid":{"rendered":"http:\/\/www.chimicimessina.it\/?p=2064"},"modified":"2017-07-26T10:35:02","modified_gmt":"2017-07-26T08:35:02","slug":"master-line-giornalismo-comunicazione-istituzionale-della-scienza","status":"publish","type":"post","link":"https:\/\/www.chimicimessina.it\/?p=2064","title":{"rendered":"Master on line in \u201cGiornalismo e comunicazione istituzionale della scienza\u201d"},"content":{"rendered":"<p>L&#8217;Univerist\u00e0 degli Studi di Ferrara ci ha inviato il seguente comunicato stampa:<\/p>\n<p style=\"text-align: center;\"><a href=\"http:\/\/www.chimicimessina.it\/wp-content\/uploads\/2017\/07\/UNIFE.jpg\">\n        <section class=\"mt-4 mb-3 image-content italiawp2-img alignnone\">\n            <figure class=\"m-0 p-3 u-background-grey-60\">\n                <img src=\"http:\/\/www.chimicimessina.it\/wp-content\/uploads\/2017\/07\/UNIFE-300x139.jpg\" class=\"u-sizeFull\" alt=\"\">\n                <figcaption>\n                    <p>Master on line in \u201cGiornalismo e comunicazione istituzionale della scienza\u201d<\/p><p class=\"u-color-white\"><\/p>\n                <\/figcaption>\n            <\/figure><\/section><\/a><\/p>\n<p style=\"text-align: center;\"><strong>Master on line in \u201cGiornalismo e comunicazione istituzionale della scienza\u201d di Unife<\/strong><\/p>\n<p style=\"text-align: center;\"><strong>\u00a0Aperte le iscrizioni<\/strong><\/p>\n<p style=\"text-align: justify;\"><em>Formare specialisti della comunicazione scientifica per i media e per le istituzioni. Questo \u00e8 l&#8217;obiettivo del Master di primo livello (70 crediti formativi universitari), l&#8217;unico in modalit\u00e0 on line e con attivit\u00e0 laboratoriali facoltative in presenza.<\/em><\/p>\n<p style=\"text-align: justify;\">In diciassette anni, pi\u00f9 di 600 studenti hanno gi\u00e0 concluso il Master, che ha ricevuto una valutazione eccellente, come attesta una recente rilevazione del Consorzio Almalaurea.<\/p>\n<p style=\"text-align: justify;\"><strong>Tutta l&#8217;attivit\u00e0 didattica on line \u00e8 seguita dai docenti, dai tutor di classe e di contenuto<\/strong> (l\u2019elenco dei docenti e dei corsi \u00e8 pubblicato nel sito dell&#8217;Universit\u00e0). Le uniche attivit\u00e0 obbligatorie in presenza sono gli esami, che si svolgono sempre nel fine settimana. Le attivit\u00e0 facoltative (seminari, laboratori, conferenze, spettacoli) sono organizzate in coincidenza con le sessioni di esame.<\/p>\n<p style=\"text-align: justify;\">Il Master \u00e8 a numero chiuso: verranno accettate le prime 40 iscrizioni. L\u2019attivazione \u00e8 subordinata al raggiungimento di 30 iscrizioni.<\/p>\n<p style=\"text-align: justify;\">Le iscrizioni si possono effettuare esclusivamente on-line all\u2019indirizzo <a href=\"http:\/\/studiare.unife.it\" target=\"_blank\">http:\/\/studiare.unife.it<\/a><\/p>\n<p style=\"text-align: justify;\">Le istruzioni per effettuare la preiscrizione si trovano alla pagina <a href=\"http:\/\/www.unife.it\/studenti\/pfm\/normativapfm\/faq-1\/iscrizione\" target=\"_blank\">http:\/\/www.unife.it\/studenti\/pfm\/normativapfm\/faq-1\/iscrizione<\/a><\/p>\n<p style=\"text-align: justify;\">La tassa di iscrizione \u00e8 pari a Euro 2.400,00 (tra le pi\u00f9 basse per i master di\u00a0 quest\u2019ambito nel panorama italiano). <strong>Chiusura delle iscrizioni:\u00a06 novembre 2017.<\/strong><\/p>\n<p style=\"text-align: justify;\"><strong>Info e contatti: <\/strong>Mariasilvia Accardo, coordinatrice didattica, email <a href=\"mailto:mariasilvia.accardo@unife.it\" target=\"_blank\"><u>mariasilvia.accardo@unife.it<\/u><\/a><\/p>\n<p style=\"text-align: justify;\">Tel. dal luned\u00ec al venerd\u00ec dalle 10 alle 12, 0532\/293518 oppure\u00a0 +39 3475938884<\/p>\n<p style=\"text-align: justify;\">\u00c8 possibile inviare un sms per concordare un appuntamento telefonico.<\/p>\n<p style=\"text-align: justify;\"><a href=\"http:\/\/www.unife.it\/master\/comunicazione\" target=\"_blank\">www.unife.it\/master\/comunicazione<\/a><\/p>\n<p style=\"text-align: justify;\">\u00a0<strong>Video di presentazione del Master<\/strong><\/p>\n<p style=\"text-align: justify;\">\u00a0<a href=\"https:\/\/www.youtube.com\/watch?v=RXYCCZF4APc\" target=\"_blank\">https:\/\/www.youtube.com\/watch?v=RXYCCZF4APc<\/a><\/p>\n<p style=\"text-align: justify;\"><strong>Blog degli studenti dell&#8217;anno accademico 2015\/16<\/strong> <a href=\"http:\/\/studentigcs.wordpress.com\/\" target=\"_blank\">studentigcs.wordpress.com<\/a><\/p>\n<p><strong>Blog degli studenti dell\u2019anno accademico 2016\/17 <\/strong><a href=\"http:\/\/mastergcisferrara.altervista.org\/\" target=\"_blank\">mastergcisferrara.altervista.org<\/a><\/p>\n","protected":false},"excerpt":{"rendered":"<p>L&#8217;Univerist\u00e0 degli Studi di Ferrara ci ha inviato il seguente comunicato stampa: Master on line in \u201cGiornalismo e comunicazione istituzionale della scienza\u201d Master on line in \u201cGiornalismo e comunicazione istituzionale della scienza\u201d di Unife \u00a0Aperte le iscrizioni Formare specialisti della comunicazione scientifica per i media e per le istituzioni.<\/p>\n","protected":false},"author":2,"featured_media":56,"comment_status":"open","ping_status":"open","sticky":true,"template":"","format":"standard","meta":[],"categories":[13],"tags":[312,311,201,310,314,313],"yoast_head":"<!-- This site is optimized with the Yoast SEO plugin v16.6 - https:\/\/yoast.com\/wordpress\/plugins\/seo\/ -->\r\n<title>Master on line in \u201cGiornalismo e comunicazione istituzionale della scienza\u201d - Ordine dei chimici e fisici della Provincia di Messina<\/title>\r\n<meta name=\"robots\" content=\"index, follow, max-snippet:-1, max-image-preview:large, max-video-preview:-1\" \/>\r\n<link rel=\"canonical\" href=\"https:\/\/www.chimicimessina.it\/?p=2064\" \/>\r\n<meta property=\"og:locale\" content=\"it_IT\" \/>\r\n<meta property=\"og:type\" content=\"article\" \/>\r\n<meta property=\"og:title\" content=\"Master on line in \u201cGiornalismo e comunicazione istituzionale della scienza\u201d - Ordine dei chimici e fisici della Provincia di Messina\" \/>\r\n<meta property=\"og:description\" content=\"L&#8217;Univerist\u00e0 degli Studi di Ferrara ci ha inviato il seguente comunicato stampa: Master on line in \u201cGiornalismo e comunicazione istituzionale della scienza\u201d Master on line in \u201cGiornalismo e comunicazione istituzionale della scienza\u201d di Unife \u00a0Aperte le iscrizioni Formare specialisti della comunicazione scientifica per i media e per le istituzioni.\" \/>\r\n<meta property=\"og:url\" content=\"https:\/\/www.chimicimessina.it\/?p=2064\" \/>\r\n<meta property=\"og:site_name\" content=\"Ordine dei chimici e fisici della Provincia di Messina\" \/>\r\n<meta property=\"article:published_time\" content=\"2017-07-26T08:35:02+00:00\" \/>\r\n<meta property=\"og:image\" content=\"https:\/\/www.chimicimessina.it\/wp-content\/uploads\/2015\/09\/logo_messina_edit.jpg\" \/>\r\n\t<meta property=\"og:image:width\" content=\"95\" \/>\r\n\t<meta property=\"og:image:height\" content=\"94\" \/>\r\n<meta name=\"twitter:card\" content=\"summary\" \/>\r\n<meta name=\"twitter:label1\" content=\"Tempo di lettura stimato\" \/>\n\t<meta name=\"twitter:data1\" content=\"1 minuto\" \/>\r\n<script type=\"application\/ld+json\" class=\"yoast-schema-graph\">{\"@context\":\"https:\/\/schema.org\",\"@graph\":[{\"@type\":\"WebSite\",\"@id\":\"https:\/\/www.chimicimessina.it\/#website\",\"url\":\"https:\/\/www.chimicimessina.it\/\",\"name\":\"Ordine dei chimici e fisici della Provincia di Messina\",\"description\":\"\",\"potentialAction\":[{\"@type\":\"SearchAction\",\"target\":{\"@type\":\"EntryPoint\",\"urlTemplate\":\"https:\/\/www.chimicimessina.it\/?s={search_term_string}\"},\"query-input\":\"required name=search_term_string\"}],\"inLanguage\":\"it-IT\"},{\"@type\":\"ImageObject\",\"@id\":\"https:\/\/www.chimicimessina.it\/?p=2064#primaryimage\",\"inLanguage\":\"it-IT\",\"url\":\"https:\/\/www.chimicimessina.it\/wp-content\/uploads\/2015\/09\/logo_messina_edit.jpg\",\"contentUrl\":\"https:\/\/www.chimicimessina.it\/wp-content\/uploads\/2015\/09\/logo_messina_edit.jpg\",\"width\":95,\"height\":94},{\"@type\":\"WebPage\",\"@id\":\"https:\/\/www.chimicimessina.it\/?p=2064#webpage\",\"url\":\"https:\/\/www.chimicimessina.it\/?p=2064\",\"name\":\"Master on line in \\u201cGiornalismo e comunicazione istituzionale della scienza\\u201d - Ordine dei chimici e fisici della Provincia di Messina\",\"isPartOf\":{\"@id\":\"https:\/\/www.chimicimessina.it\/#website\"},\"primaryImageOfPage\":{\"@id\":\"https:\/\/www.chimicimessina.it\/?p=2064#primaryimage\"},\"datePublished\":\"2017-07-26T08:35:02+00:00\",\"dateModified\":\"2017-07-26T08:35:02+00:00\",\"author\":{\"@id\":\"https:\/\/www.chimicimessina.it\/#\/schema\/person\/2a1a6511b3f4d2d08afbfbe1376162de\"},\"breadcrumb\":{\"@id\":\"https:\/\/www.chimicimessina.it\/?p=2064#breadcrumb\"},\"inLanguage\":\"it-IT\",\"potentialAction\":[{\"@type\":\"ReadAction\",\"target\":[\"https:\/\/www.chimicimessina.it\/?p=2064\"]}]},{\"@type\":\"BreadcrumbList\",\"@id\":\"https:\/\/www.chimicimessina.it\/?p=2064#breadcrumb\",\"itemListElement\":[{\"@type\":\"ListItem\",\"position\":1,\"name\":\"Home\",\"item\":\"https:\/\/www.chimicimessina.it\/\"},{\"@type\":\"ListItem\",\"position\":2,\"name\":\"Master on line in \\u201cGiornalismo e comunicazione istituzionale della scienza\\u201d\"}]},{\"@type\":\"Person\",\"@id\":\"https:\/\/www.chimicimessina.it\/#\/schema\/person\/2a1a6511b3f4d2d08afbfbe1376162de\",\"name\":\"Rosario Sacc\\u00e0\",\"image\":{\"@type\":\"ImageObject\",\"@id\":\"https:\/\/www.chimicimessina.it\/#personlogo\",\"inLanguage\":\"it-IT\",\"url\":\"https:\/\/secure.gravatar.com\/avatar\/bb470e3a4b2005b5b7099da62bce38a7?s=96&d=mm&r=g\",\"contentUrl\":\"https:\/\/secure.gravatar.com\/avatar\/bb470e3a4b2005b5b7099da62bce38a7?s=96&d=mm&r=g\",\"caption\":\"Rosario Sacc\\u00e0\"},\"url\":\"https:\/\/www.chimicimessina.it\/?author=2\"}]}<\/script>\r\n<!-- \/ Yoast SEO plugin. -->","_links":{"self":[{"href":"https:\/\/www.chimicimessina.it\/index.php?rest_route=\/wp\/v2\/posts\/2064"}],"collection":[{"href":"https:\/\/www.chimicimessina.it\/index.php?rest_route=\/wp\/v2\/posts"}],"about":[{"href":"https:\/\/www.chimicimessina.it\/index.php?rest_route=\/wp\/v2\/types\/post"}],"author":[{"embeddable":true,"href":"https:\/\/www.chimicimessina.it\/index.php?rest_route=\/wp\/v2\/users\/2"}],"replies":[{"embeddable":true,"href":"https:\/\/www.chimicimessina.it\/index.php?rest_route=%2Fwp%2Fv2%2Fcomments&post=2064"}],"version-history":[{"count":1,"href":"https:\/\/www.chimicimessina.it\/index.php?rest_route=\/wp\/v2\/posts\/2064\/revisions"}],"predecessor-version":[{"id":2066,"href":"https:\/\/www.chimicimessina.it\/index.php?rest_route=\/wp\/v2\/posts\/2064\/revisions\/2066"}],"wp:featuredmedia":[{"embeddable":true,"href":"https:\/\/www.chimicimessina.it\/index.php?rest_route=\/wp\/v2\/media\/56"}],"wp:attachment":[{"href":"https:\/\/www.chimicimessina.it\/index.php?rest_route=%2Fwp%2Fv2%2Fmedia&parent=2064"}],"wp:term":[{"taxonomy":"category","embeddable":true,"href":"https:\/\/www.chimicimessina.it\/index.php?rest_route=%2Fwp%2Fv2%2Fcategories&post=2064"},{"taxonomy":"post_tag","embeddable":true,"href":"https:\/\/www.chimicimessina.it\/index.php?rest_route=%2Fwp%2Fv2%2Ftags&post=2064"}],"curies":[{"name":"wp","href":"https:\/\/api.w.org\/{rel}","templated":true}]}}